{"id":9002,"date":"2026-03-11T13:13:03","date_gmt":"2026-03-11T11:13:03","guid":{"rendered":"https:\/\/www.avafin.es\/?p=9002"},"modified":"2026-03-11T13:13:05","modified_gmt":"2026-03-11T11:13:05","slug":"euribor-per-als-aturats","status":"publish","type":"post","link":"https:\/\/www.avafin.es\/ca\/bloc\/euribor-per-als-aturats","title":{"rendered":"Eur\u00edbor i pr\u00e9stecs per a aturats: opcions reals"},"content":{"rendered":"<p>Perdre la feina significa <strong>un veritable cop<\/strong>, tot i que, des d'una perspectiva econ\u00f2mica, l'impacte immediat es pot mitigar parcialment quan hi ha dret a reclamar <strong>indemnitzaci\u00f3<\/strong>, o almenys ha pagat prou cotitzacions per tenir dret a <strong>prestaci\u00f3 contributiva<\/strong>, el que comunament anomenem \u2018atur\u2019.<\/p>\n\n\n\n<p>\u00c9s normal que les persones en aquesta situaci\u00f3 se sentin superades per <strong>preocupacions<\/strong>, especialment si se'ls fa responsables de <strong>passius financers<\/strong> encarregat per <strong>pr\u00e9stecs o cr\u00e8dits<\/strong>.<\/p>\n\n\n\n<p>A m\u00e9s, pot sorgir la q\u00fcesti\u00f3 de si el <strong>Pagaments a terminis d'aquests pr\u00e9stecs<\/strong> amb la qual ara han de bregar en una situaci\u00f3 encara m\u00e9s prec\u00e0ria; a m\u00e9s a m\u00e9s, encara corren el risc de <strong>m\u00e9s<\/strong> pel <strong>Eur\u00edbor<\/strong>.<\/p>\n\n\n\n<p>En aquesta publicaci\u00f3, vol\u00edem aclarir <strong>Quins pr\u00e9stecs estan vinculats a l'Eur\u00edbor?<\/strong>, nom\u00e9s alguns dels <strong>hipotecaris<\/strong>, com explicarem detalladament m\u00e9s endavant, per\u00f2 voldr\u00edem oferir-vos un avan\u00e7ament ara, amb l'objectiu d'esvair qualsevol dubte \u2014i, per tant, qualsevol incertesa o preocupaci\u00f3\u2014 que aquells de vosaltres que tingueu aquest tipus de problema pugueu tenir.<\/p>\n\n\n\n<p>De la mateixa manera, veurem quins fons estan disponibles per a persones aturades com aquelles. <strong>Microcr\u00e8dits mai <\/strong>ser\u00e0 determinat pel <strong>Eur\u00edbor<\/strong>, tot i que jo aplicaria un <a href=\"https:\/\/www.avafin.es\/ca\/bloc\/que-es-tin-i-tae\/\" target=\"_blank\" rel=\"noreferrer noopener\"><strong>TIN i APR<\/strong><\/a>, cosa que cal tenir en compte quan es sol\u00b7licita finan\u00e7ament mentre s'est\u00e0 a l'atur, juntament amb altres factors que explicarem.<\/p>\n\n\n\n<p>Finalment, tamb\u00e9 proporcionarem <strong>recomanacions financeres<\/strong> per tal de tractar millor aix\u00f2 <strong>una fase dif\u00edcil<\/strong>.<\/p>\n\n\n\n<p>Anem al gra, comen\u00e7ant per una explicaci\u00f3 detallada de qu\u00e8 \u00e9s exactament l'Eur\u00edbor i dels tipus de pr\u00e9stecs que afecta.<\/p>\n\n\n\n<h2 class=\"wp-block-heading\"><strong>Qu\u00e8 \u00e9s l'Eur\u00edbor i per a quins pr\u00e9stecs s'utilitza?<\/strong><\/h2>\n\n\n\n<p><strong>Eur\u00edbor <\/strong>\u00e9s l&#039;acr\u00f2nim de <em>Euro Interbank Offered Rate<\/em>, un \u00edndex que reflecteix la mitjana de les <strong>tipus d&#039;inter\u00e8s<\/strong> als quals els bancs <strong>presten diners<\/strong> entre si en els pa\u00efsos europeus que utilitzen la moneda \u00fanica.<\/p>\n\n\n\n<p>Tanmateix, el que realment fa que aquest indicador sigui tan important en la vida financera de milions de persones \u00e9s que s'utilitza per a <strong>calcular <\/strong>els <strong>interessos<\/strong> per pagar-se a la <strong>quotes <\/strong>de certs pr\u00e9stecs. Espec\u00edficament, el <strong>hipoteques de tipus d'inter\u00e8s variable<\/strong> o els <strong>mesclat <\/strong>que estan vinculats a <strong>Eur\u00edbor<\/strong>, de manera que s'afegeix un marge fix i preacordat al valor de l'\u00edndex.<\/p>\n\n\n\n<p>En altres paraules, les hipoteques de tipus variable o h\u00edbrides (durant el per\u00edode en qu\u00e8 estan vinculades a l'\u00edndex) tenen un <strong>interessos calculats<\/strong> basat en una f\u00f3rmula <strong>Euribor + marge fix<\/strong>, el valor del qual sol ser entre <strong>0,5% i 1,5%<\/strong>, segons els termes de l'acord hipotecari.<\/p>\n\n\n\n<p>Com b\u00e9 saben aquells amb hipoteques vinculades a l'Eur\u00edbor, aquest \u00edndex <strong>actualitza<\/strong>, de manera que qualsevol pujada o baixada acabi tenint un impacte en el <strong>quota <\/strong>que es paga del <strong>hipoteca<\/strong>. Tot i que el <strong>fluctuacions<\/strong> No apliqueu immediatament, sin\u00f3 nom\u00e9s quan el <strong>data d'inspecci\u00f3 programada<\/strong> tal com s'estableix en el contracte, amb aix\u00f2 que normalment es produeix cada <strong>6 mesos o un any<\/strong>. Amb aquesta finalitat, el <strong>Eur\u00edbor a 12 mesos<\/strong> (l'\u00edndex s'actualitza di\u00e0riament per a diferents venciments), tot i que, un cop m\u00e9s, aix\u00f2 dependr\u00e0 del que s'hagi acordat en el <strong>contracte<\/strong> de la hipoteca.<\/p>\n\n\n\n<p>\u00d2bviament, el <strong>Pujada de l'Eur\u00edbor<\/strong> afectar m\u00e9s <strong>persones aturades<\/strong> amb una <strong>hipoteca vinculada<\/strong>, deixant els qui tenen altres tipus de pr\u00e9stecs sense veure's afectats pel problema, per no parlar dels qui no en tenen cap, i, per tant, sense cap obligaci\u00f3 de reemborsament pendent que haurien d'assumir mentre estan a l'atur.<\/p>\n\n\n\n<p>Tanmateix, tot i que \u00e9s possible que hi hagi perfils diferents de persones aturades segons si tenen deutes financers previs i la naturalesa d'aquests deutes, el fet \u00e9s que tots comparteixen un <strong>necessitat compartida de liquiditat<\/strong>. A la secci\u00f3 seg\u00fcent, analitzem el <strong>alternatives<\/strong> disponible per aconseguir-ho.<\/p>\n\n\n\n<h2 class=\"wp-block-heading\"><strong>Maneres d'accedir a fons mentre s'est\u00e0 a l'atur<\/strong><\/h2>\n\n\n\n<p>Independentment de qualsevol quantitat de diners que puguin rebre per una possible indemnitzaci\u00f3 per acomiadament i prestacions, moltes persones aturades es troben en la necessitat d'obtenir <strong>liquiditat<\/strong>, si <strong>imminent <\/strong>fins que es rebin els pagaments esmentats o fins que <strong>mitj\u00e0 termini<\/strong>, suposant que la situaci\u00f3 d'atur s'allargar\u00e0, ja que sempre cal estar preparat per al pitjor tot esperant el millor.<\/p>\n\n\n\n<p>A continuaci\u00f3 s'exposen les diverses maneres d'obtenir la liquiditat desitjada.<\/p>\n\n\n\n<h3 class=\"wp-block-heading\">1- Obtenir qualsevol suport econ\u00f2mic al qual pugueu tenir dret<\/h3>\n\n\n\n<p>En aquesta secci\u00f3 especial que hem preparat, hi podeu trobar tot el <a href=\"https:\/\/www.avafin.es\/ca\/bloc\/ajudes-per-a-aturats-2\/\" target=\"_blank\" rel=\"noreferrer noopener\"><strong>prestacions disponibles per als aturats<\/strong><\/a>. Tingueu en compte que tamb\u00e9 n'hi ha <a href=\"https:\/\/www.avafin.es\/ca\/bloc\/ajudes-families\/\" target=\"_blank\" rel=\"noreferrer noopener\"><strong>ajudes per a fam\u00edlies<\/strong><\/a>&nbsp;amb <strong>ingr\u00e9s baix<\/strong>, aix\u00ed com altres per a grups vulnerables, com ara <strong>bons socials el\u00e8ctric i t\u00e8rmic<\/strong>. Tot i que els darrers estan actualment en l'aire despr\u00e9s d'haver <a href=\"https:\/\/civio.es\/el-boe-nuestro-de-cada-dia\/2026\/02\/27\/estas-son-las-medidas-del-escudo-social-que-caen-con-la-derogacion-del-decreto-ley-en-el-congreso\/\" target=\"_blank\" rel=\"noreferrer noopener\"><strong>rebutjat pel Parlament<\/strong><\/a> l'aprovaci\u00f3 del que es coneix com a \u2018<strong>emblema social<\/strong>&#8216;.<\/p>\n\n\n\n<h3 class=\"wp-block-heading\">2. Reducci\u00f3 de costos i reestructuraci\u00f3 del pagament<\/h3>\n\n\n\n<p>Reduir i ajornar despeses \u00e9s una altra manera d'alliberar flux de caixa.<\/p>\n\n\n\n<p>Una situaci\u00f3 de <strong>Reducci\u00f3 d'ingressos<\/strong> Sense un final clar a la vista, sempre porta a <strong>reduir despeses innecess\u00e0ries<\/strong>, retallant tant com sigui possible per preservar, tant com sigui factible, algunes <strong>comptes sanejats<\/strong> que ens permeten satisfer les <strong>necessitats b\u00e0siques<\/strong> i complir amb el <strong>obligacions de pagament<\/strong>. Pel que fa a aquests, valdria la pena considerar-los. <strong>posposar <\/strong>els <strong>pagaments<\/strong> que es pot retardar sense inc\u00f3rrer en cap c\u00e0rrec <strong>penalitzacions i interessos<\/strong>.<\/p>\n\n\n\n<p>Aqu\u00ed per a aquells que tenen un <strong>hipoteca<\/strong>, la gran decisi\u00f3 seria sol\u00b7licitar un <strong>per\u00edode d'exempci\u00f3 parcial o total<\/strong> Aixecar el pagament durant un cert per\u00edode. Aquesta opci\u00f3 sol estar disponible si es compleixen certes condicions. <strong>dificultats financeres per causes justificades<\/strong>, incloent-hi, en particular, la situaci\u00f3 de <strong>desocupaci\u00f3<\/strong>. En qualsevol cas, el canvi de condicions hauria de ser acordat amb el <strong>entitat banc\u00e0ria<\/strong>, amb l'objectiu de fer el que es coneix com un <strong>novaci\u00f3 hipotec\u00e0ria<\/strong> per <strong>ajustar el termini de reemborsament<\/strong>.<\/p>\n\n\n\n<h3 class=\"wp-block-heading\">3- Suport de les persones m\u00e9s properes<\/h3>\n\n\n\n<p>Potser valdria la pena considerar demanar un suport econ\u00f2mic puntual a <strong>familiars i amics<\/strong>, fins que arribi la primera prestaci\u00f3 d'atur d'aquell mes, o per cobrir qualsevol despesa immediata que pugui sorgir.<\/p>\n\n\n\n<p>Abans d'optar per aquest enfocament, valdria la pena considerar el <strong>la situaci\u00f3 financera de l'altra persona<\/strong>, que la decisi\u00f3 sobre com gastar els diners que entren en una llar sovint la prenen ambdues parts, i que qualsevol que demani diners prestats a la fam\u00edlia o als amics no nom\u00e9s est\u00e0 obligat a tornar-los per no arru\u00efnar el <strong>relaci\u00f3<\/strong>, per\u00f2 tamb\u00e9 corre el risc de rebre <strong>m\u00fatuament<\/strong> una <strong>una sol\u00b7licitud similar en el futur<\/strong>, que haur\u00e0 d'abordar si est\u00e0 al seu abast, cosa que podria resultar problem\u00e0tic i fins i tot provocar conflictes.<\/p>\n\n\n\n<h3 class=\"wp-block-heading\">4- Solucions financeres per obtenir liquiditat a curt termini<\/h3>\n\n\n\n<p>Si no vols demanar diners a alg\u00fa proper, ja sigui per les raons esmentades o simplement per convicci\u00f3 personal, una soluci\u00f3 financera com ara <a href=\"https:\/\/www.avafin.es\/ca\/minicredits\/\" target=\"_blank\" rel=\"noreferrer noopener\"><strong>microcr\u00e8dits<\/strong><\/a>, que proporcionaria una liquiditat b\u00e0sica a curt termini fins al <strong>Primer pagament de la prestaci\u00f3 per desocupaci\u00f3<\/strong> o per poder cobrir despeses clau, com les relacionades amb els procediments implicats en la realitzaci\u00f3 d'un <strong>novaci\u00f3 hipotec\u00e0ria<\/strong> que et permet fer una pausa en el pagament de la teva hipoteca.<\/p>\n\n\n\n<h2 class=\"wp-block-heading\"><strong>Idees err\u00f2nies habituals sobre la contractaci\u00f3 de pr\u00e9stecs mentre s'est\u00e0 a l'atur<\/strong><\/h2>\n\n\n\n<p>Hi ha un seguit de <strong>idees err\u00f2nies comunes<\/strong> que giren al voltant de la concessi\u00f3 de pr\u00e9stecs als aturats.<\/p>\n\n\n\n<h3 class=\"wp-block-heading\">1- Confondre hipoteques o pr\u00e9stecs grans amb petits pr\u00e9stecs contractats per a fluxos de caixa a curt termini<\/h3>\n\n\n\n<p>Una cosa \u00e9s sol\u00b7licitar finan\u00e7ament per a inversions importants o quantitats relativament grans, per\u00f2 una altra ben diferent \u00e9s <strong>Micropr\u00e9stecs a curt termini per a petites quantitats<\/strong>. El <strong>risc <\/strong>El risc que assumeix el banc o la instituci\u00f3 financera no \u00e9s el mateix, i per tant no cal que se'ls exigeixi. <strong>garanties <\/strong>que no pot proporcionar un <strong>persona aturada<\/strong>, sense necessitat tampoc d'una garantia de tercers.<\/p>\n\n\n\n<h3 class=\"wp-block-heading\">2- Creure que l'Eur\u00edbor influeix en la concessi\u00f3 d'un pr\u00e9stec<\/h3>\n\n\n\n<p>L'Eur\u00edbor no afecta l'obtenci\u00f3 de <strong>Sense pr\u00e9stecs<\/strong>, ni tan sols en les hipoteques indexades, ja que en aquests casos nom\u00e9s afectaria el c\u00e0lcul dels interessos a pagar.<\/p>\n\n\n\n<p>\u00c9s cert que una taxa d'Euribor alta \u00e9s indicativa d'un augment dels costos de finan\u00e7ament, la qual cosa pot resultar en <strong>pol\u00edtiques de pr\u00e9stec m\u00e9s restrictives<\/strong> per les institucions. Tanmateix, el valor de l'\u00edndex <strong>No ho determina per si mateix<\/strong> que es concedeixi o no un pr\u00e9stec.<\/p>\n\n\n\n<h3 class=\"wp-block-heading\">3- Pensar que sense feina no hi ha opcions de finan\u00e7ament<\/h3>\n\n\n\n<p>La manca de seguretat laboral, efectivament <strong>Fa dif\u00edcil accedir al cr\u00e8dit tradicional<\/strong>, cosa que significa que estar a l'atur et pot impedir d'aconseguir finan\u00e7ament, incl\u00f2s un pr\u00e9stec al consum per a una quantitat relativament petita.<\/p>\n\n\n\n<p>Per\u00f2 qu\u00e8 passa amb <strong>Nom\u00e9s perqu\u00e8 la via banc\u00e0ria estigui bloquejada o molt dificultada, no vol dir que totes les portes estiguin tancades.<\/strong>. En prestadors especialitzats en pr\u00e9stecs petits com ara <strong>AvaFin <\/strong>creiem en una <strong>finan\u00e7ament inclusiu<\/strong>, perqu\u00e8 ning\u00fa es quedi enrere quan m\u00e9s ho necessiti. Per aix\u00f2 podem proporcionar acc\u00e9s a <a href=\"https:\/\/www.avafin.es\/ca\/minicredits\/\" target=\"_blank\" rel=\"noreferrer noopener\"><strong>minicr\u00e8dits<\/strong><\/a> simplement aportant una prova de <strong>ingr\u00e9s regular<\/strong>, que en aquest cas seria el benefici.<\/p>\n\n\n\n<h2 class=\"wp-block-heading\"><strong>Qu\u00e8 significa estar a l'atur des de la perspectiva d'un banc?<\/strong><\/h2>\n\n\n\n<p>Els bancs tenen molta cura per assegurar-se que <strong>perfil de risc<\/strong> de cada client quan se'ls ofereix finan\u00e7ament, aix\u00ed com establint el <strong>condicions d&#039;acc\u00e9s<\/strong> a aix\u00f2.<\/p>\n\n\n\n<p>La <strong>Manca d'ingressos estables<\/strong> implica un criteri de <strong>exclusi\u00f3<\/strong> per a les organitzacions, at\u00e8s que creuen que aix\u00f2 augmenta la probabilitat de <strong>impagament<\/strong>.<\/p>\n\n\n\n<p>Aix\u00ed doncs, veiem que el <strong>l'estatut laboral del sol\u00b7licitant<\/strong> Aquest factor supera altres consideracions, com ara l'exist\u00e8ncia d'un clima general d'enduriment del cr\u00e8dit \u2014 per exemple, a causa dels alts tipus d'inter\u00e8s, que es reflectiria en un Euribor elevat.<\/p>\n\n\n\n<h2 class=\"wp-block-heading\"><strong>Qu\u00e8 mira realment un prestador abans de concedir un pr\u00e9stec?<\/strong><\/h2>\n\n\n\n<p>Un banc t\u00edpic, en primer lloc, avaluar\u00e0 el <strong>capacitat de devoluci\u00f3<\/strong> del sol\u00b7licitant. Per tant, s'establir\u00e0 a:<\/p>\n\n\n\n<ul class=\"wp-block-list\">\n<li><strong>Nivell d'ingressos i la seva estabilitat futura<\/strong>, ja que tenir la seguretat d'una feina permanent no \u00e9s el mateix que dependre de <strong>limitacions temporals<\/strong> com els que provenen d'un <strong>prestaci\u00f3 per desocupaci\u00f3<\/strong>.<\/li>\n\n\n\n<li><strong>Nivell de deute existent<\/strong>: un altre criteri important ser\u00e0 la validesa de <strong>altres pr\u00e9stecs o l\u00ednies de cr\u00e8dit<\/strong> que afectin la capacitat de pagament del sol\u00b7licitant.<\/li>\n\n\n\n<li><a href=\"https:\/\/www.avafin.es\/ca\/bloc\/que-es-lhistorial-creditici\/\" target=\"_blank\" rel=\"noreferrer noopener\"><strong>Historial creditici<\/strong><\/a>: tamb\u00e9 en cursa hi ha el <strong>comportament financer<\/strong> l'historial de l'aspirant fins a la data, prestant especial atenci\u00f3 a l'exist\u00e8ncia de <a href=\"https:\/\/www.avafin.es\/ca\/bloc\/llista-de-morosos-nom\/\" target=\"_blank\" rel=\"noreferrer noopener\"><strong>registres de morositat<\/strong><\/a>.<\/li>\n<\/ul>\n\n\n\n<p>A <strong>AvaFin<\/strong> Tenim una pol\u00edtica de <strong>Pr\u00e9stec responsable<\/strong>, que s'adre\u00e7a al <strong>capacitat de pagament<\/strong> de la persona sol\u00b7licitant del finan\u00e7ament, tenint especial cura de salvaguardar els seus propis <strong>interessos<\/strong>, perqu\u00e8 no adquireixi un <strong>deute excessiu<\/strong> segons els seus mitjans econ\u00f2mics.<\/p>\n\n\n\n<p>Per\u00f2 equilibrem aquesta responsabilitat m\u00fatuament beneficiosa amb un comprom\u00eds de <strong>inclusi\u00f3 financera<\/strong>, per tant no excloem les persones que puguin necessitar <strong>liquiditat<\/strong> Encara que puguin estar en una situaci\u00f3 on <strong>desocupaci\u00f3 <\/strong>o no compleixen altres criteris b\u00e0sics per als bancs. Fins i tot podr\u00edem arribar a concedir <a href=\"https:\/\/www.avafin.es\/ca\/credits\/rapids-amb-asnef\/\" target=\"_blank\" rel=\"noreferrer noopener\"><strong>cr\u00e8dits amb ASNEF<\/strong><\/a>, segons les circumst\u00e0ncies i subjecte a altres condicions.<\/p>\n\n\n\n<h2 class=\"wp-block-heading\"><strong>Quan t\u00e9 sentit considerar la contractaci\u00f3 d'un pr\u00e9stec mentre s'est\u00e0 a l'atur?<\/strong><\/h2>\n\n\n\n<ul class=\"wp-block-list\">\n<li>Es tracta d&#039;un <strong>petit pr\u00e9stec per a quantitats assequibles<\/strong>, i idealment amb l'opci\u00f3 de triar el <strong>quantitat exacta <\/strong>per evitar fins i tot el m\u00e9s m\u00ednim <strong>sobreendeutament <\/strong>que \u00e9s superflu.<\/li>\n\n\n\n<li>Els diners estan destinats a un <strong>despesa urgent i inevitable<\/strong>, o per obtenir un <strong>liquiditat b\u00e0sica<\/strong> mentre s'espera el pagament de l'indemnitzaci\u00f3 per acomiadament o l'aprovaci\u00f3 de la prestaci\u00f3 per desocupaci\u00f3.<\/li>\n\n\n\n<li>Hi ha un pla <strong>Pol\u00edtica de devolucions<\/strong>, establint com es satisfar\u00e0 el pagament un cop es rebi l'ingr\u00e9s previst.<\/li>\n<\/ul>\n\n\n\n<p>\u00c9s essencial triar un <strong>f\u00f3rmula financera<\/strong> que permet <strong>Salda el deute tan aviat com sigui possible<\/strong>, pel simple motiu de no posar m\u00e9s pressi\u00f3 a unes finances ja tensionades amb el <strong>Pagaments mensuals <\/strong>que aneu a <strong>per reduir<\/strong> redueix encara m\u00e9s uns ingressos ja baixos com els d'un <strong>prestaci\u00f3 per desocupaci\u00f3<\/strong>, tot i que els nivells m\u00e9s alts dins seu puguin ser evidents.<\/p>\n\n\n\n<h2 class=\"wp-block-heading\"><strong>Quan NO \u00e9s una bona idea demanar un pr\u00e9stec si est\u00e0s a l'atur?<\/strong><\/h2>\n\n\n\n<p>Sol\u00b7licitar un pr\u00e9stec mentre est\u00e0s a l'atur mai no \u00e9s una bona idea si vas a gastar els diners en qualsevol cosa. <strong>despesa innecess\u00e0ria<\/strong>.<\/p>\n\n\n\n<p>Per\u00f2 no funcionaria com una manera de <strong>Suplementar els ingressos regulars<\/strong>, ja que aix\u00f2 empitjoraria la situaci\u00f3 financera, creant un \u2018efecte bola de neu\u2019 ja que haur\u00edem de continuar <strong>Agafant un pr\u00e9stec rere l'altre<\/strong>.<\/p>\n\n\n\n<p>Idealment, caldria mantenir-se fidel al <strong>Pagaments de prestacions<\/strong>, evitant demanar pr\u00e9stecs sempre que sigui possible, ja que obtenir aquests diners sempre comportar\u00e0 un cost. I en cas de <strong>emerg\u00e8ncia<\/strong>, es podria optar per solucions com ara <a href=\"https:\/\/www.avafin.es\/ca\/minicredits\/\" target=\"_blank\" rel=\"noreferrer noopener\"><strong>minicr\u00e8dits<\/strong><\/a>, donades les petites quantitats implicades <strong>No us endebieu excessivament.<\/strong>.<\/p>\n\n\n\n<p>En cas que estigueu en <strong>atur<\/strong> i <strong>No rebre cap ingr\u00e9s<\/strong>, abans de buscar finan\u00e7ament amb l'esperan\u00e7a de trobar feina aviat, val la pena consultar les opcions disponibles a <a href=\"https:\/\/www.avafin.es\/ca\/bloc\/ajudes-despres-de-latur\/\" target=\"_blank\" rel=\"noreferrer noopener\"><strong>subsidis<\/strong><\/a> disponible quan no est\u00e0s rebent la prestaci\u00f3 per atur contributiva. Tampoc no hem d'oblidar la possibilitat de sol\u00b7licitar el <a href=\"https:\/\/imv.seg-social.es\/\" target=\"_blank\" rel=\"noreferrer noopener\"><strong>IMV<\/strong><\/a>, el <strong>Ingr\u00e9s M\u00ednim Vital<\/strong>.<\/p>\n\n\n\n<h2 class=\"wp-block-heading\"><strong>Com protegir les teves finances mentre busques feina<\/strong><\/h2>\n\n\n\n<p>Mentre aquesta situaci\u00f3 duri <strong>incertesa<\/strong> Hauries de fer tot el possible per protegir les teves finances.<\/p>\n\n\n\n<h3 class=\"wp-block-heading\">1- Redu\u00efu les despeses no essencials tant com sigui possible<\/h3>\n\n\n\n<p>Qualsevol <strong>petit total de despesa<\/strong>, incloent els <a href=\"https:\/\/www.avafin.es\/ca\/bloc\/despeses-formiga-exemples\/\" target=\"_blank\" rel=\"noreferrer noopener\"><strong>pagaments formiga<\/strong><\/a> que ni tan sols es tenen en compte perqu\u00e8 s\u00f3n tan insignificants, per\u00f2 que, quan s'ajunten, acaben formant un cim.<\/p>\n\n\n\n<p>Evita tamb\u00e9 el <a href=\"https:\/\/www.avafin.es\/ca\/bloc\/compres-impulsives-consequencies\/\" target=\"_blank\" rel=\"noreferrer noopener\"><strong>compres impulsives<\/strong><\/a> innecessari, tot i que \u00e9s una q\u00fcesti\u00f3 de <strong>ofertes<\/strong>, o proporcionar l'opci\u00f3 de <strong>ajornar el pagament<\/strong> o abordar-ho en <strong>terminis<\/strong>, ja que en \u00faltima inst\u00e0ncia equivaldrien a un <strong>un pagament extra cada mes<\/strong> la qual cosa posaria encara m\u00e9s pressi\u00f3 sobre alguns <strong>finances prec\u00e0ries<\/strong> per un estret marge.<\/p>\n\n\n\n<h3 class=\"wp-block-heading\">2- Fes un seguiment de les dates de pagament de les factures i dels domiciliacions banc\u00e0ries<\/h3>\n\n\n\n<p>En una \u2018economia de guerra\u2019, \u00e9s essencial evitar <strong>descoberts <\/strong>i <strong>Pagaments retornats <\/strong>a causa de fons insuficients al compte, ja que aquests problemes de pagament sovint condueixen a <strong>comissions<\/strong>, <strong>Tripulants de cabina <\/strong>o fins i tot conseq\u00fc\u00e8ncies pitjors si no t'adones del pagament pendent.<\/p>\n\n\n\n<h3 class=\"wp-block-heading\">3- Elabora un pla financer mensual<\/h3>\n\n\n\n<p>\u00c9s molt important planificar un <strong>pressupost mensual d&#039;ingressos i despeses<\/strong>, deixant una mica d'espai per a <strong>emerg\u00e8ncies<\/strong>, per molt dif\u00edcil que sigui fer-ho mentre es reben prestacions o una subvenci\u00f3.<\/p>\n\n\n\n<p>Per <strong>ajudar-te<\/strong> en la teva estrat\u00e8gia per a <strong>Estalviar diners <\/strong>Us recomanem aquest contingut que hem preparat sobre <a href=\"https:\/\/www.avafin.es\/ca\/bloc\/regles-destalvi\/\" target=\"_blank\" rel=\"noreferrer noopener\"><strong>regles d&#039;estalvi<\/strong><\/a>&nbsp;que pots aplicar. Mentre que per aconseguir un <strong>Reducci\u00f3 efectiva de costos<\/strong>, et recomanem que facis una ullada als nostres articles sobre com fer-ho <strong>estalviar<\/strong> a <a href=\"https:\/\/www.avafin.es\/ca\/bloc\/com-estalviar-diners-a-casa\/\" target=\"_blank\" rel=\"noreferrer noopener\"><strong>casa<\/strong><\/a>, al <a href=\"https:\/\/www.avafin.es\/ca\/bloc\/com-estalviar-en-la-compra\/\" target=\"_blank\" rel=\"noreferrer noopener\"><strong>supermercat<\/strong><\/a>, amb la <a href=\"https:\/\/www.avafin.es\/ca\/bloc\/com-estalviar-en-llum\/\" target=\"_blank\" rel=\"noreferrer noopener\"><strong>llum<\/strong><\/a> i el <a href=\"https:\/\/www.avafin.es\/ca\/bloc\/com-estalviar-aigua\/\" target=\"_blank\" rel=\"noreferrer noopener\"><strong>aigua<\/strong><\/a><strong><u>.<\/u><\/strong><\/p>\n\n\n\n<p>Tamb\u00e9 tenim una secci\u00f3 sencera dedicada a <a href=\"https:\/\/www.avafin.es\/ca\/bloc\/educacio-financera\" target=\"_blank\" rel=\"noreferrer noopener\"><strong>educaci\u00f3 financera<\/strong><\/a> on trobar\u00e0s contingut \u00fatil, incloent-hi articles que t'expliquen sobre <strong>punts clau<\/strong> a l&#039;hora de sol\u00b7licitar <strong>finan\u00e7ament <\/strong>com la idone\u00eftat de no <a href=\"https:\/\/www.avafin.es\/ca\/bloc\/comparador-prestem\/\" target=\"_blank\" rel=\"noreferrer noopener\"><strong>comparar pr\u00e9stecs nom\u00e9s pel tipus d&#039;inter\u00e8s<\/strong><\/a> aplicat, donat que tamb\u00e9 s'hauria d'avaluar a partir del <strong>termini d&#039;amortitzaci\u00f3<\/strong> subjecte a interessos fins a <strong>comissions<\/strong> associat amb l'operaci\u00f3.<\/p>\n\n\n\n<p>Si necessites <strong>diners per a una emerg\u00e8ncia<\/strong> a <strong>AvaFin<\/strong> pot aconseguir un <a href=\"https:\/\/www.avafin.es\/ca\/minicredits\/\" target=\"_blank\" rel=\"noreferrer noopener\"><strong>microcr\u00e8dit online<\/strong><\/a> totalment a mida de les teves necessitats, per la <strong>quantitat exacta<\/strong> cal evitar endeutar-se massa, i amb el <strong>m\u00e0xima transpar\u00e8ncia<\/strong>, aix\u00ed sabr\u00e0s tots els detalls abans de presentar la sol\u00b7licitud <strong>estat<\/strong>en el nostre <a href=\"https:\/\/www.avafin.es\/ca\/\" target=\"_blank\" rel=\"noreferrer noopener\"><strong>simulador de pr\u00e9stecs<\/strong><\/a>.<\/p>\n\n\n\n<h3 class=\"wp-block-heading has-text-align-center\"><strong>Necessites un pr\u00e9stec urgent?<\/strong><\/h3>\n\n\n\n<div class=\"wp-block-group\"><div class=\"wp-block-group__inner-container is-layout-constrained wp-block-group-is-layout-constrained\">\n<p class=\"has-text-align-center\">Descobreix la rapidesa amb qu\u00e8 pots tenir els diners al teu compte.<\/p>\n\n\n\n<div style=\"margin: auto;\" class=\"flex flex-res\">\n<a id=\"av-get-loan\" class=\"btn btn-cta btn-lg force-data-base-url\" href=\"https:\/\/portal.avafin.es\/wp-registerCreditosi\" style=\"display: inline-block; margin: auto\">Sol\u00b7licitar<\/a>\n<\/div>\n<\/div><\/div>","protected":false},"excerpt":{"rendered":"<p>Perdre la feina \u00e9s un cop molt dur, fins i tot si l'impacte econ\u00f2mic immediat es pot mitigar en part quan tens dret a una indemnitzaci\u00f3 per acomiadament, o almenys has cotitzat prou per rebre prestacions contributives, comunament conegudes com a \u2018prestacions per atur\u2019. \u00c9s normal que la gent en [...]<\/p>","protected":false},"author":33,"featured_media":9003,"comment_status":"closed","ping_status":"closed","sticky":false,"template":"","format":"standard","meta":{"_acf_changed":false,"footnotes":"","jetpack_publicize_message":"","jetpack_publicize_feature_enabled":false,"jetpack_social_post_already_shared":false,"jetpack_social_options":{"image_generator_settings":{"template":"highway","default_image_id":0,"font":"","enabled":false},"version":2}},"categories":[23,27,21],"tags":[],"class_list":["post-9002","post","type-post","status-publish","format-standard","has-post-thumbnail","hentry","category-educacion-financiera","category-hipotecas","category-prestamo"],"acf":[],"yoast_head":"<!-- This site is optimized with the Yoast SEO plugin v26.4 - https:\/\/yoast.com\/wordpress\/plugins\/seo\/ -->\n<title>Eur\u00edbor y pr\u00e9stamos para desempleados: opciones reales | AvaFin Espa\u00f1a<\/title>\n<meta name=\"description\" content=\"Abordamos los pr\u00e9stamos vinculados al Eur\u00edbor, c\u00f3mo reducir gastos en situaci\u00f3n de desempleo y opciones de financiaci\u00f3n para parados.\" \/>\n<meta name=\"robots\" content=\"index, follow, max-snippet:-1, max-image-preview:large, max-video-preview:-1\" \/>\n<link rel=\"canonical\" href=\"https:\/\/www.avafin.es\/ca\/bloc\/euribor-per-als-aturats\" \/>\n<meta property=\"og:locale\" content=\"ca_ES\" \/>\n<meta property=\"og:type\" content=\"article\" \/>\n<meta property=\"og:title\" content=\"Eur\u00edbor y pr\u00e9stamos para desempleados: opciones reales | AvaFin Espa\u00f1a\" \/>\n<meta property=\"og:description\" content=\"Abordamos los pr\u00e9stamos vinculados al Eur\u00edbor, c\u00f3mo reducir gastos en situaci\u00f3n de desempleo y opciones de financiaci\u00f3n para parados.\" \/>\n<meta property=\"og:url\" content=\"https:\/\/www.avafin.es\/ca\/bloc\/euribor-per-als-aturats\" \/>\n<meta property=\"og:site_name\" content=\"AvaFin Espa\u00f1a\" \/>\n<meta property=\"article:published_time\" content=\"2026-03-11T11:13:03+00:00\" \/>\n<meta property=\"article:modified_time\" content=\"2026-03-11T11:13:05+00:00\" \/>\n<meta property=\"og:image\" content=\"https:\/\/www.avafin.es\/wp-content\/uploads\/2026\/03\/euribor-desempleados.jpg\" \/>\n\t<meta property=\"og:image:width\" content=\"1500\" \/>\n\t<meta property=\"og:image:height\" content=\"1000\" \/>\n\t<meta property=\"og:image:type\" content=\"image\/jpeg\" \/>\n<meta name=\"author\" content=\"rolandho.tarazona@avafin.com\" \/>\n<meta name=\"twitter:card\" content=\"summary_large_image\" \/>\n<meta name=\"twitter:label1\" content=\"Written by\" \/>\n\t<meta name=\"twitter:data1\" content=\"rolandho.tarazona@avafin.com\" \/>\n\t<meta name=\"twitter:label2\" content=\"Est. reading time\" \/>\n\t<meta name=\"twitter:data2\" content=\"12 minuts\" \/>\n<script type=\"application\/ld+json\" class=\"yoast-schema-graph\">{\"@context\":\"https:\/\/schema.org\",\"@graph\":[{\"@type\":\"WebPage\",\"@id\":\"https:\/\/www.avafin.es\/ca\/bloc\/euribor-per-als-aturats\",\"url\":\"https:\/\/www.avafin.es\/ca\/bloc\/euribor-per-als-aturats\",\"name\":\"Eur\u00edbor y pr\u00e9stamos para desempleados: opciones reales | AvaFin Espa\u00f1a\",\"isPartOf\":{\"@id\":\"https:\/\/www.avafin.es\/ca\/#website\"},\"primaryImageOfPage\":{\"@id\":\"https:\/\/www.avafin.es\/ca\/bloc\/euribor-per-als-aturats#primaryimage\"},\"image\":{\"@id\":\"https:\/\/www.avafin.es\/ca\/bloc\/euribor-per-als-aturats#primaryimage\"},\"thumbnailUrl\":\"https:\/\/www.avafin.es\/wp-content\/uploads\/2026\/03\/euribor-desempleados.jpg\",\"datePublished\":\"2026-03-11T11:13:03+00:00\",\"dateModified\":\"2026-03-11T11:13:05+00:00\",\"author\":{\"@id\":\"https:\/\/www.avafin.es\/ca\/#\/schema\/person\/1dff477a12cdd25c17087f2dbaabe63f\"},\"description\":\"Abordamos los pr\u00e9stamos vinculados al Eur\u00edbor, c\u00f3mo reducir gastos en situaci\u00f3n de desempleo y opciones de financiaci\u00f3n para parados.\",\"breadcrumb\":{\"@id\":\"https:\/\/www.avafin.es\/ca\/bloc\/euribor-per-als-aturats#breadcrumb\"},\"inLanguage\":\"ca\",\"potentialAction\":[{\"@type\":\"ReadAction\",\"target\":[\"https:\/\/www.avafin.es\/ca\/bloc\/euribor-per-als-aturats\"]}]},{\"@type\":\"ImageObject\",\"inLanguage\":\"ca\",\"@id\":\"https:\/\/www.avafin.es\/ca\/bloc\/euribor-per-als-aturats#primaryimage\",\"url\":\"https:\/\/www.avafin.es\/wp-content\/uploads\/2026\/03\/euribor-desempleados.jpg\",\"contentUrl\":\"https:\/\/www.avafin.es\/wp-content\/uploads\/2026\/03\/euribor-desempleados.jpg\",\"width\":1500,\"height\":1000,\"caption\":\"Eur\u00edbor y pr\u00e9stamos para desempleados: c\u00f3mo afecta el \u00edndice hipotecario, qu\u00e9 opciones de financiaci\u00f3n existen para parados y consejos para gestionar tus finanzas si est\u00e1s sin trabajo.\"},{\"@type\":\"BreadcrumbList\",\"@id\":\"https:\/\/www.avafin.es\/ca\/bloc\/euribor-per-als-aturats#breadcrumb\",\"itemListElement\":[{\"@type\":\"ListItem\",\"position\":1,\"name\":\"Inicio\",\"item\":\"https:\/\/www.avafin.es\/\"},{\"@type\":\"ListItem\",\"position\":2,\"name\":\"Pr\u00e9stamos\",\"item\":\"https:\/\/www.avafin.es\/blog\/prestamo\"},{\"@type\":\"ListItem\",\"position\":3,\"name\":\"Eur\u00edbor y pr\u00e9stamos para desempleados: opciones reales\"}]},{\"@type\":\"WebSite\",\"@id\":\"https:\/\/www.avafin.es\/ca\/#website\",\"url\":\"https:\/\/www.avafin.es\/ca\/\",\"name\":\"AvaFin Espa\u00f1a\",\"description\":\"\",\"potentialAction\":[{\"@type\":\"SearchAction\",\"target\":{\"@type\":\"EntryPoint\",\"urlTemplate\":\"https:\/\/www.avafin.es\/ca\/?s={search_term_string}\"},\"query-input\":{\"@type\":\"PropertyValueSpecification\",\"valueRequired\":true,\"valueName\":\"search_term_string\"}}],\"inLanguage\":\"ca\"},{\"@type\":\"Person\",\"@id\":\"https:\/\/www.avafin.es\/ca\/#\/schema\/person\/1dff477a12cdd25c17087f2dbaabe63f\",\"name\":\"rolandho.tarazona@avafin.com\",\"image\":{\"@type\":\"ImageObject\",\"inLanguage\":\"ca\",\"@id\":\"https:\/\/www.avafin.es\/ca\/#\/schema\/person\/image\/\",\"url\":\"https:\/\/secure.gravatar.com\/avatar\/414d32a0fedf4c0c1b8940e35ecec3019aa3f94f39bd34e110852e836dbb0f50?s=96&d=mm&r=g\",\"contentUrl\":\"https:\/\/secure.gravatar.com\/avatar\/414d32a0fedf4c0c1b8940e35ecec3019aa3f94f39bd34e110852e836dbb0f50?s=96&d=mm&r=g\",\"caption\":\"rolandho.tarazona@avafin.com\"},\"url\":\"https:\/\/www.avafin.es\/ca\/blog\/author\/rolandho-tarazonaavafin-com\"}]}<\/script>\n<!-- \/ Yoast SEO plugin. -->","yoast_head_json":{"title":"Eur\u00edbor i pr\u00e9stecs per a aturats: opcions realistes | AvaFin Espanya","description":"Analitzem els pr\u00e9stecs vinculats a l'Eur\u00edbor, com reduir despeses mentre s'est\u00e0 a l'atur i les opcions de finan\u00e7ament per a les persones aturades.","robots":{"index":"index","follow":"follow","max-snippet":"max-snippet:-1","max-image-preview":"max-image-preview:large","max-video-preview":"max-video-preview:-1"},"canonical":"https:\/\/www.avafin.es\/ca\/bloc\/euribor-per-als-aturats","og_locale":"ca_ES","og_type":"article","og_title":"Eur\u00edbor y pr\u00e9stamos para desempleados: opciones reales | AvaFin Espa\u00f1a","og_description":"Abordamos los pr\u00e9stamos vinculados al Eur\u00edbor, c\u00f3mo reducir gastos en situaci\u00f3n de desempleo y opciones de financiaci\u00f3n para parados.","og_url":"https:\/\/www.avafin.es\/ca\/bloc\/euribor-per-als-aturats","og_site_name":"AvaFin Espa\u00f1a","article_published_time":"2026-03-11T11:13:03+00:00","article_modified_time":"2026-03-11T11:13:05+00:00","og_image":[{"width":1500,"height":1000,"url":"https:\/\/www.avafin.es\/wp-content\/uploads\/2026\/03\/euribor-desempleados.jpg","type":"image\/jpeg"}],"author":"rolandho.tarazona@avafin.com","twitter_card":"summary_large_image","twitter_misc":{"Written by":"rolandho.tarazona@avafin.com","Est. reading time":"12 minuts"},"schema":{"@context":"https:\/\/schema.org","@graph":[{"@type":"WebPage","@id":"https:\/\/www.avafin.es\/ca\/bloc\/euribor-per-als-aturats","url":"https:\/\/www.avafin.es\/ca\/bloc\/euribor-per-als-aturats","name":"Eur\u00edbor i pr\u00e9stecs per a aturats: opcions realistes | AvaFin Espanya","isPartOf":{"@id":"https:\/\/www.avafin.es\/ca\/#website"},"primaryImageOfPage":{"@id":"https:\/\/www.avafin.es\/ca\/bloc\/euribor-per-als-aturats#primaryimage"},"image":{"@id":"https:\/\/www.avafin.es\/ca\/bloc\/euribor-per-als-aturats#primaryimage"},"thumbnailUrl":"https:\/\/www.avafin.es\/wp-content\/uploads\/2026\/03\/euribor-desempleados.jpg","datePublished":"2026-03-11T11:13:03+00:00","dateModified":"2026-03-11T11:13:05+00:00","author":{"@id":"https:\/\/www.avafin.es\/ca\/#\/schema\/person\/1dff477a12cdd25c17087f2dbaabe63f"},"description":"Analitzem els pr\u00e9stecs vinculats a l'Eur\u00edbor, com reduir despeses mentre s'est\u00e0 a l'atur i les opcions de finan\u00e7ament per a les persones aturades.","breadcrumb":{"@id":"https:\/\/www.avafin.es\/ca\/bloc\/euribor-per-als-aturats#breadcrumb"},"inLanguage":"ca","potentialAction":[{"@type":"ReadAction","target":["https:\/\/www.avafin.es\/ca\/bloc\/euribor-per-als-aturats"]}]},{"@type":"ImageObject","inLanguage":"ca","@id":"https:\/\/www.avafin.es\/ca\/bloc\/euribor-per-als-aturats#primaryimage","url":"https:\/\/www.avafin.es\/wp-content\/uploads\/2026\/03\/euribor-desempleados.jpg","contentUrl":"https:\/\/www.avafin.es\/wp-content\/uploads\/2026\/03\/euribor-desempleados.jpg","width":1500,"height":1000,"caption":"Eur\u00edbor y pr\u00e9stamos para desempleados: c\u00f3mo afecta el \u00edndice hipotecario, qu\u00e9 opciones de financiaci\u00f3n existen para parados y consejos para gestionar tus finanzas si est\u00e1s sin trabajo."},{"@type":"BreadcrumbList","@id":"https:\/\/www.avafin.es\/ca\/bloc\/euribor-per-als-aturats#breadcrumb","itemListElement":[{"@type":"ListItem","position":1,"name":"Inicio","item":"https:\/\/www.avafin.es\/"},{"@type":"ListItem","position":2,"name":"Pr\u00e9stamos","item":"https:\/\/www.avafin.es\/blog\/prestamo"},{"@type":"ListItem","position":3,"name":"Eur\u00edbor y pr\u00e9stamos para desempleados: opciones reales"}]},{"@type":"WebSite","@id":"https:\/\/www.avafin.es\/ca\/#website","url":"https:\/\/www.avafin.es\/ca\/","name":"AvaFin Espanya","description":"","potentialAction":[{"@type":"SearchAction","target":{"@type":"EntryPoint","urlTemplate":"https:\/\/www.avafin.es\/ca\/?s={search_term_string}"},"query-input":{"@type":"PropertyValueSpecification","valueRequired":true,"valueName":"search_term_string"}}],"inLanguage":"ca"},{"@type":"Person","@id":"https:\/\/www.avafin.es\/ca\/#\/schema\/person\/1dff477a12cdd25c17087f2dbaabe63f","name":"rolandho.tarazona@avafin.com","image":{"@type":"ImageObject","inLanguage":"ca","@id":"https:\/\/www.avafin.es\/ca\/#\/schema\/person\/image\/","url":"https:\/\/secure.gravatar.com\/avatar\/414d32a0fedf4c0c1b8940e35ecec3019aa3f94f39bd34e110852e836dbb0f50?s=96&d=mm&r=g","contentUrl":"https:\/\/secure.gravatar.com\/avatar\/414d32a0fedf4c0c1b8940e35ecec3019aa3f94f39bd34e110852e836dbb0f50?s=96&d=mm&r=g","caption":"rolandho.tarazona@avafin.com"},"url":"https:\/\/www.avafin.es\/ca\/blog\/author\/rolandho-tarazonaavafin-com"}]}},"jetpack_publicize_connections":[],"featured_media_link":"https:\/\/www.avafin.es\/wp-content\/uploads\/2026\/03\/euribor-desempleados-768x512.jpg","category":{"color":"#010440","link":"https:\/\/www.avafin.es\/ca\/bloc\/educacio-financera","text":"Educaci\u00f3n financiera"},"_links":{"self":[{"href":"https:\/\/www.avafin.es\/ca\/wp-json\/wp\/v2\/posts\/9002","targetHints":{"allow":["GET"]}}],"collection":[{"href":"https:\/\/www.avafin.es\/ca\/wp-json\/wp\/v2\/posts"}],"about":[{"href":"https:\/\/www.avafin.es\/ca\/wp-json\/wp\/v2\/types\/post"}],"author":[{"embeddable":true,"href":"https:\/\/www.avafin.es\/ca\/wp-json\/wp\/v2\/users\/33"}],"replies":[{"embeddable":true,"href":"https:\/\/www.avafin.es\/ca\/wp-json\/wp\/v2\/comments?post=9002"}],"version-history":[{"count":2,"href":"https:\/\/www.avafin.es\/ca\/wp-json\/wp\/v2\/posts\/9002\/revisions"}],"predecessor-version":[{"id":9006,"href":"https:\/\/www.avafin.es\/ca\/wp-json\/wp\/v2\/posts\/9002\/revisions\/9006"}],"wp:featuredmedia":[{"embeddable":true,"href":"https:\/\/www.avafin.es\/ca\/wp-json\/wp\/v2\/media\/9003"}],"wp:attachment":[{"href":"https:\/\/www.avafin.es\/ca\/wp-json\/wp\/v2\/media?parent=9002"}],"wp:term":[{"taxonomy":"category","embeddable":true,"href":"https:\/\/www.avafin.es\/ca\/wp-json\/wp\/v2\/categories?post=9002"},{"taxonomy":"post_tag","embeddable":true,"href":"https:\/\/www.avafin.es\/ca\/wp-json\/wp\/v2\/tags?post=9002"}],"curies":[{"name":"wp","href":"https:\/\/api.w.org\/{rel}","templated":true}]}}