{"id":8083,"date":"2026-01-31T10:45:27","date_gmt":"2026-01-31T08:45:27","guid":{"rendered":"https:\/\/www.avafin.es\/?p=8083"},"modified":"2026-01-27T11:46:02","modified_gmt":"2026-01-27T09:46:02","slug":"tancament-euribor-gener-2026","status":"publish","type":"post","link":"https:\/\/www.avafin.es\/ca\/bloc\/tancament-euribor-gener-2026","title":{"rendered":"Tancament de l&#039;eur\u00edbor al gener del 2026: qu\u00e8 significa i com t&#039;afecta"},"content":{"rendered":"<p>El comen\u00e7ament de l&#039;any comporta decisions financeres importants. Un dels indicadors m\u00e9s observats pels qui tenen una hipoteca variable \u00e9s el <strong>tancament de l&#039;eur\u00edbor al gener<\/strong>. Aquesta xifra no \u00e9s nom\u00e9s una dada econ\u00f2mica m\u00e9s: pot influir directament en la quota que pagar\u00e0s durant els propers mesos.<\/p>\n\n\n\n<p>Si t&#039;interessa com pot impactar el tancament de l&#039;eur\u00edbor a la teva economia, segueix llegint perqu\u00e8 en desglossem el significat, els escenaris possibles i les opcions \u00fatils per manejar canvis en el teu pressupost.<\/p>\n\n\n\n<h2 class=\"wp-block-heading\"><strong>Qu\u00e8 \u00e9s el tancament de l&#039;eur\u00edbor i per qu\u00e8 \u00e9s important<\/strong><\/h2>\n\n\n\n<p>Quan parlem del <strong>tancament de l&#039;eur\u00edbor<\/strong>, ens referim a un concepte que, encara que pot sonar t\u00e8cnic, t\u00e9 conseq\u00fc\u00e8ncies molt reals a la vida di\u00e0ria de milers de persones amb hipoteca. Especialment en productes financers com les hipoteques variables, el valor de l&#039;eur\u00edbor determina quant pagar\u00e0s de quota durant els propers mesos o fins i tot el proper any.<\/p>\n\n\n\n<p>Entendre <strong>com es calcula aquest tancament<\/strong>, per qu\u00e8 el mes de gener sol ser tan rellevant i en qu\u00e8 es diferencia d&#039;altres valors que es publiquen di\u00e0riament, et pot ajudar a anticipar-te a possibles canvis i prendre decisions financeres m\u00e9s informades.<\/p>\n\n\n\n<h3 class=\"wp-block-heading\"><strong>Qu\u00e8 vol dir tancament mensual de l&#039;eur\u00edbor?<\/strong><\/h3>\n\n\n\n<p>El <strong>tancament de l&#039;eur\u00edbor mensual<\/strong> \u00e9s el valor mitj\u00e0 de l?eur\u00edbor a 12 mesos durant tots els dies h\u00e0bils d?un mes concret. Aquesta mitjana \u00e9s publicada oficialment pel Banc d&#039;Espanya i serveix com a refer\u00e8ncia per a moltes hipoteques variables al nostre pa\u00eds.<\/p>\n\n\n\n<p>A difer\u00e8ncia del <strong>valor diari<\/strong>, que fluctua cont\u00ednuament segons els moviments del mercat interbancari, la mitjana mensual \u00e9s la que realment s&#039;utilitza per actualitzar la quota hipotec\u00e0ria.<\/p>\n\n\n\n<h3 class=\"wp-block-heading\"><strong>Per qu\u00e8 el gener \u00e9s un mes clau?<\/strong><\/h3>\n\n\n\n<p>El gener marca l&#039;inici de nous cicles contractuals per a moltes hipoteques. Si la teva revisi\u00f3 \u00e9s <strong>anual<\/strong> o <strong>semestral<\/strong>, i coincideix amb aquest mes, el valor que tanqui l&#039;eur\u00edbor ser\u00e0 el que es prengui com a base per recalcular les teves quotes. A m\u00e9s, com que \u00e9s el primer mes de l&#039;any, tamb\u00e9 serveix com a term\u00f2metre de la tend\u00e8ncia econ\u00f2mica general i de les decisions de pol\u00edtica monet\u00e0ria del BCE.<\/p>\n\n\n\n<h2 class=\"wp-block-heading\"><strong>Situaci\u00f3 de l&#039;eur\u00edbor al comen\u00e7ament del 2026<\/strong><\/h2>\n\n\n\n<p>niciar l&#039;any amb una visi\u00f3 clara del comportament de l&#039;eur\u00edbor \u00e9s fonamental per anticipar com pot evolucionar la teva hipoteca i, en general, la teva economia personal. Tot i que encara no es disposi de xifres oficials tancades, \u00e9s possible analitzar el context i les tend\u00e8ncies recents que marquen el to del mercat.<\/p>\n\n\n\n<p>Al comen\u00e7ament del 2026, l&#039;eur\u00edbor est\u00e0 influ\u00eft per diversos factors clau: la pol\u00edtica monet\u00e0ria del Banc Central Europeu, l&#039;entorn macroecon\u00f2mic europeu i l&#039;evoluci\u00f3 dels tipus d&#039;inter\u00e8s durant el 2025. Comprendre aquests elements et permetr\u00e0 interpretar millor qu\u00e8 esperar durant els propers mesos.<\/p>\n\n\n\n<h3 class=\"wp-block-heading\"><strong>Tend\u00e8ncia general heretada del 2025<\/strong><\/h3>\n\n\n\n<p>Durant el 2025, l&#039;eur\u00edbor va mostrar un comportament mixt, amb moments de contenci\u00f3 i altres de lleugeres pujades. Aquest patr\u00f3 es va mantenir en bona part com a conseq\u00fc\u00e8ncia d&#039;una inflaci\u00f3 moderada i ajustaments prudents des dels principals bancs centrals. Al comen\u00e7ament del 2026, s&#039;hereten aquestes fluctuacions sense senyals clars d&#039;una direcci\u00f3 definida.<\/p>\n\n\n\n<h3 class=\"wp-block-heading\"><strong>Pol\u00edtica monet\u00e0ria del BCE<\/strong><\/h3>\n\n\n\n<p>El <strong>Banc Central Europeu (BCE)<\/strong> segueix adoptant una postura cautelosa. Tot i que s&#039;han redu\u00eft els impulsos inflacionistes, el BCE ha optat per mantenir una pol\u00edtica estable, sense retallades agressives de tipus, per\u00f2 tampoc increments inesperats.<\/p>\n\n\n\n<h3 class=\"wp-block-heading\"><strong>Entorn de tipus d&#039;inter\u00e8s a Europa<\/strong><\/h3>\n\n\n\n<p>Europa es troba en un entorn de tipus d&#039;inter\u00e8s encara superiors als de fa uns quants anys, per\u00f2 ja allunyats dels pics de tensi\u00f3. Aquest context afavoreix una certa estabilitat en els productes financers, tot i que sempre \u00e9s important anticipar-se a possibles ajustaments.<\/p>\n\n\n\n<h2 class=\"wp-block-heading\"><strong>Previsi\u00f3 de l&#039;eur\u00edbor el gener del 2026: escenaris possibles<\/strong><\/h2>\n\n\n\n<p>Tot i que preveure amb exactitud el valor de l&#039;eur\u00edbor \u00e9s impossible, s\u00ed que podem analitzar <strong>escenaris plausibles<\/strong> en funci\u00f3 del context actual i les decisions recents de pol\u00edtica econ\u00f2mica. Tenir en compte diferents possibilitats no nom\u00e9s ajuda a entendre qu\u00e8 pot passar, sin\u00f3 que et prepara per <strong>adaptar-te millor a cada situaci\u00f3<\/strong>.<\/p>\n\n\n\n<p>A continuaci\u00f3, explorem tres escenaris realistes que podrien desenvolupar-se el gener del 2026 i com cadasc\u00fa podria repercutir en la teva hipoteca i en la teva estabilitat financera.<\/p>\n\n\n\n<h3 class=\"wp-block-heading\"><strong>Escenari d&#039;estabilitat<\/strong><\/h3>\n\n\n\n<p>En aquest cas, l&#039;eur\u00edbor tancaria el gener amb valors similars als dels mesos anteriors. Aix\u00f2 suposaria un <strong>impacte moderat a les quotes<\/strong> hipotec\u00e0ries, permetent a les fam\u00edlies mantenir una planificaci\u00f3 financera sense ensurts.<\/p>\n\n\n\n<h3 class=\"wp-block-heading\"><strong>Escenari de lleugera baixada<\/strong><\/h3>\n\n\n\n<p>Una <strong>lleugera baixada<\/strong> a l&#039;eur\u00edbor podria oferir un <strong>alleujament progressiu<\/strong> per als titulars dhipoteques variables. Aquest escenari millora la capacitat de <strong>planificaci\u00f3 familiar<\/strong> i facilita recuperar part de la capacitat d&#039;estalvi perduda en els darrers anys.<\/p>\n\n\n\n<h3 class=\"wp-block-heading\"><strong>Escenari de repunt puntual<\/strong><\/h3>\n\n\n\n<p>Si es produ\u00eds un <strong>repunt puntual<\/strong>, probablement a causa de tensions geopol\u00edtiques o noves pressions inflacion\u00e0ries, les fam\u00edlies haurien de fer <strong>ajustaments als vostres pressupostos<\/strong>. En aquest context, \u00e9s fonamental <strong>anticipar-se<\/strong> i avaluar eines financeres flexibles.<\/p>\n\n\n\n<h2 class=\"wp-block-heading\"><strong>Com afecta el tancament de l&#039;eur\u00edbor a les hipoteques variables<\/strong><\/h2>\n\n\n\n<p>L&#039;impacte de l&#039;eur\u00edbor en una <strong>hipoteca variable<\/strong> es produeix en el moment de la <strong>revisi\u00f3<\/strong>, que pot ser <strong>anual<\/strong> o <strong>semestral<\/strong>. Si la vostra revisi\u00f3 \u00e9s al gener, el valor mitj\u00e0 de l&#039;eur\u00edbor d&#039;aquest mes ser\u00e0 la base per recalcular la nova quota.<\/p>\n\n\n\n<p><strong>Exemple pr\u00e0ctic<\/strong>: Imagina que tens una revisi\u00f3 anual al gener. La mitjana de l&#039;eur\u00edbor publicada aquest mes s&#039;aplica directament al nou c\u00e0lcul d&#039;interessos de la teva hipoteca, afectant la teva mensualitat durant els 12 mesos seg\u00fcents. No importa quant pugi o baixi l&#039;eur\u00edbor diari al febrer o al mar\u00e7: el valor ja va quedar fixat al tancament del gener.<\/p>\n\n\n\n<h2 class=\"wp-block-heading\"><strong>Qu\u00e8 implica l&#039;eur\u00edbor de gener del 2026 per a la teva economia mensual<\/strong><\/h2>\n\n\n\n<p>Aquesta dada pot influir en tres pilars fonamentals de les teves finances personals:<\/p>\n\n\n\n<ul class=\"wp-block-list\">\n<li><strong>Pressupost familiar<\/strong>: Una pujada de l&#039;eur\u00edbor pot obligar a reduir certes despeses per mantenir l&#039;equilibri mensual.<\/li>\n\n\n\n<li><strong>Capacitat destalvi<\/strong>: Si la quota augmenta, \u00e9s probable que el marge per estalviar es redueixi, afectant objectius a mitj\u00e0 termini.<\/li>\n\n\n\n<li><strong>Tensi\u00f3 o alleugeriment en fi de mes<\/strong>: Un eur\u00edbor estable oa la baixa pot representar un <strong>alleujament<\/strong> en el pagament de la hipoteca, alliberant recursos per a altres \u00e0rees com a lleure o educaci\u00f3.<\/li>\n<\/ul>\n\n\n\n<h2 class=\"wp-block-heading\"><strong>Qu\u00e8 cal fer si l&#039;eur\u00edbor puja i la teva quota augmenta<\/strong><\/h2>\n\n\n\n<p>En moments d\u02bbajust, comptar amb <strong>liquiditat puntual<\/strong> pot ajudar a reorganitzar-se sense entrar en un problema m\u00e9s gran. Si detectes que la teva quota hipotec\u00e0ria pujar\u00e0, considera aquestes opcions:<\/p>\n\n\n\n<ul class=\"wp-block-list\">\n<li><strong>Reorganitzar despeses<\/strong>: Elabora un nou pressupost ajustat als teus ingressos reals.<\/li>\n\n\n\n<li><strong>Ajustaments temporals<\/strong>: Renegociar algun servei, reduir subscripcions o posposar certes compres pot ser \u00fatil.<\/li>\n\n\n\n<li><strong>Evitar decisions impulsives<\/strong>: No prenguis decisions estructurals (com canviar d&#039;hipoteca o demanar grans pr\u00e9stecs) sense una an\u00e0lisi profunda.<\/li>\n<\/ul>\n\n\n\n<p>Si necessites una soluci\u00f3 \u00e0gil i flexible, <a href=\"https:\/\/www.avafin.es\/ca\/minicredits\/\" target=\"_blank\" rel=\"noreferrer noopener\"><strong>els minicr\u00e8dits online<\/strong><\/a> poden ser una alternativa puntual per cobrir imprevistos sense complicar la teva economia.<\/p>\n\n\n\n<h2 class=\"wp-block-heading\"><strong>Difer\u00e8ncia entre pr\u00e9stecs a llarg termini i solucions puntuals<\/strong><\/h2>\n\n\n\n<p>Aqu\u00ed \u00e9s clau refor\u00e7ar la <strong>educaci\u00f3 financera<\/strong>:<\/p>\n\n\n\n<ul class=\"wp-block-list\">\n<li>Una <strong>hipoteca<\/strong> \u00e9s un comprom\u00eds <strong>a llarg termini<\/strong> que requereix planificaci\u00f3 i estabilitat.<\/li>\n\n\n\n<li>En canvi, els <strong>minicr\u00e8dits<\/strong> com els que ofereix <a href=\"https:\/\/www.avafin.es\/ca\/\"><strong>Av<\/strong><\/a><strong><a href=\"https:\/\/www.avafin.es\/ca\/\" target=\"_blank\" rel=\"noreferrer noopener\">a<\/a><\/strong><a href=\"https:\/\/www.avafin.es\/ca\/\"><strong>Final<\/strong><\/a> s\u00f3n eines <strong>puntuals<\/strong>, ideals per resoldre necessitats immediates sense entrar en deutes estructurals.<\/li>\n\n\n\n<li>Per tant, un <strong>cr\u00e8dit petit no substitueix decisions estructurals<\/strong>. Es tracta de dos productes completament diferents.<\/li>\n<\/ul>\n\n\n\n<h2 class=\"wp-block-heading\"><strong>Errors comuns en reaccionar a l&#039;eur\u00edbor<\/strong><\/h2>\n\n\n\n<p>Les pujades o les baixades de l&#039;eur\u00edbor poden generar preocupaci\u00f3, especialment entre els que tenen una hipoteca variable. No obstant aix\u00f2, <strong>no tots els canvis requereixen una reacci\u00f3 immediata<\/strong> ni totes les decisions que es prenen sota pressi\u00f3 no s\u00f3n les m\u00e9s encertades. La clau \u00e9s entendre b\u00e9 el context i actuar amb perspectiva.<\/p>\n\n\n\n<p>A continuaci\u00f3, repassem alguns dels errors m\u00e9s habituals que cometen els usuaris en enfrontar-se a variacions de l&#039;eur\u00edbor, per ajudar-te a evitar-los i prendre decisions m\u00e9s informades i sostenibles.<\/p>\n\n\n\n<h3 class=\"wp-block-heading\"><strong>Prendre decisions per titulars alarmistes<\/strong><\/h3>\n\n\n\n<p>L&#039;eur\u00edbor puja o baixa, per\u00f2 aix\u00f2 no sempre implica canvis dr\u00e0stics. Les not\u00edcies solen amplificar les variacions, generant preocupaci\u00f3 innecess\u00e0ria.<\/p>\n\n\n\n<h3 class=\"wp-block-heading\"><strong>No revisar b\u00e9 quan s&#039;actualitza la teva quota<\/strong><\/h3>\n\n\n\n<p>Molts titulars d&#039;hipoteca <strong>desconeixen quan se&#039;n revisa l&#039;inter\u00e8s<\/strong>, i per tant no poden anticipar els canvis. \u00c9s clau revisar les condicions del teu contracte.<\/p>\n\n\n\n<h3 class=\"wp-block-heading\"><strong>Barrejar problemes estructurals amb solucions puntuals<\/strong><\/h3>\n\n\n\n<p>Una pujada de quota pot ser preocupant per\u00f2 no sempre implica un problema financer greu. No confongueu la necessitat d&#039;un ajust temporal amb la necessitat d&#039;endeutar-vos en exc\u00e9s.<\/p>\n\n\n\n<p>El tancament de l&#039;eur\u00edbor no \u00e9s nom\u00e9s un n\u00famero. El seu impacte dep\u00e8n de <strong>la teva situaci\u00f3 concreta<\/strong>, de si coincideix amb la teva revisi\u00f3, dels teus ingressos, i de com gestions les despeses.<\/p>\n\n\n\n<p><strong>Informaci\u00f3 i planificaci\u00f3 redueixen l&#039;estr\u00e8s financer.<\/strong> Con\u00e8ixer com funciona l&#039;eur\u00edbor, quan s&#039;aplica i com adaptar-se als diferents escenaris \u00e9s la millor manera de protegir la teva estabilitat econ\u00f2mica.<\/p>\n\n\n\n<p>Per a m\u00e9s eines i educaci\u00f3 financera, podeu visitar l&#039;article <a href=\"https:\/\/www.avafin.es\/ca\/bloc\/que-es-tin-i-tae\/\" target=\"_blank\" rel=\"noreferrer noopener\"><strong>Qu\u00e8 \u00e9s el TIN i la TAE<\/strong><\/a>, o si est\u00e0s considerant solucions puntuals, pots explorar el nostre <a href=\"https:\/\/www.avafin.es\/ca\/bloc\/comparador-prestem\/\" target=\"_blank\" rel=\"noreferrer noopener\"><strong>comparador de pr\u00e9stecs<\/strong><\/a> i triar l&#039;opci\u00f3 que millor s&#039;ajusti a tu, sense quedar-te sol amb el <strong>tipus d&#039;inter\u00e8s<\/strong>.<\/p>\n\n\n\n<h3 class=\"wp-block-heading has-text-align-center\">Necessites un impuls per reorganitzar les finances?<\/h3>\n\n\n\n<div class=\"wp-block-group\"><div class=\"wp-block-group__inner-container is-layout-constrained wp-block-group-is-layout-constrained\">\n<p class=\"has-text-align-center\">Demana el teu pr\u00e9stec a AvaFin<\/p>\n\n\n\n<div style=\"margin: auto;\" class=\"flex flex-res\">\n<a id=\"av-get-loan\" class=\"btn btn-cta btn-lg force-data-base-url\" href=\"https:\/\/portal.avafin.es\/wp-registerCreditosi\" style=\"display: inline-block; margin: auto\">Sol\u00b7licitar<\/a>\n<\/div>\n<\/div><\/div>","protected":false},"excerpt":{"rendered":"<p>El comen\u00e7ament de l&#039;any comporta decisions financeres importants. Un dels indicadors m\u00e9s observats pels que tenen una hipoteca variable \u00e9s el tancament de l?eur\u00edbor al gener. Aquesta xifra no \u00e9s nom\u00e9s una dada econ\u00f2mica m\u00e9s: pot influir directament en la quota que pagar\u00e0s durant els propers mesos. Si us interessa com podeu impactar [\u2026]<\/p>","protected":false},"author":32,"featured_media":8085,"comment_status":"closed","ping_status":"closed","sticky":false,"template":"","format":"standard","meta":{"_acf_changed":false,"footnotes":"","jetpack_publicize_message":"","jetpack_publicize_feature_enabled":true,"jetpack_social_post_already_shared":false,"jetpack_social_options":{"image_generator_settings":{"template":"highway","default_image_id":0,"font":"","enabled":false},"version":2}},"categories":[23,27,21],"tags":[],"class_list":["post-8083","post","type-post","status-publish","format-standard","has-post-thumbnail","hentry","category-educacion-financiera","category-hipotecas","category-prestamo"],"acf":[],"yoast_head":"<!-- This site is optimized with the Yoast SEO plugin v26.4 - https:\/\/yoast.com\/wordpress\/plugins\/seo\/ -->\n<title>Cierre del Eur\u00edbor en Enero 2026: qu\u00e9 significa para tu hipoteca | AvaFin Espa\u00f1a<\/title>\n<meta name=\"description\" content=\"Descubre qu\u00e9 implica el cierre del eur\u00edbor en enero de 2026 y c\u00f3mo puede afectar a tu hipoteca y econom\u00eda mensual.\" \/>\n<meta name=\"robots\" content=\"index, follow, max-snippet:-1, max-image-preview:large, max-video-preview:-1\" \/>\n<link rel=\"canonical\" href=\"https:\/\/www.avafin.es\/ca\/bloc\/tancament-euribor-gener-2026\" \/>\n<meta property=\"og:locale\" content=\"ca_ES\" \/>\n<meta property=\"og:type\" content=\"article\" \/>\n<meta property=\"og:title\" content=\"Cierre del Eur\u00edbor en Enero 2026: qu\u00e9 significa para tu hipoteca | AvaFin Espa\u00f1a\" \/>\n<meta property=\"og:description\" content=\"Descubre qu\u00e9 implica el cierre del eur\u00edbor en enero de 2026 y c\u00f3mo puede afectar a tu hipoteca y econom\u00eda mensual.\" \/>\n<meta property=\"og:url\" content=\"https:\/\/www.avafin.es\/ca\/bloc\/tancament-euribor-gener-2026\" \/>\n<meta property=\"og:site_name\" content=\"AvaFin Espa\u00f1a\" \/>\n<meta property=\"article:author\" content=\"https:\/\/www.facebook.com\/profile.php?id=61569520036083&amp;locale=es_ES\" \/>\n<meta property=\"article:published_time\" content=\"2026-01-31T08:45:27+00:00\" \/>\n<meta property=\"og:image\" content=\"https:\/\/www.avafin.es\/wp-content\/uploads\/2026\/01\/cierre-euribor-enero-2026.jpg\" \/>\n\t<meta property=\"og:image:width\" content=\"2000\" \/>\n\t<meta property=\"og:image:height\" content=\"1333\" \/>\n\t<meta property=\"og:image:type\" content=\"image\/jpeg\" \/>\n<meta name=\"author\" content=\"Alejandra Rangel\" \/>\n<meta name=\"twitter:card\" content=\"summary_large_image\" \/>\n<meta name=\"twitter:creator\" content=\"@https:\/\/x.com\/AvafinEs\" \/>\n<meta name=\"twitter:label1\" content=\"Written by\" \/>\n\t<meta name=\"twitter:data1\" content=\"Alejandra Rangel\" \/>\n\t<meta name=\"twitter:label2\" content=\"Est. reading time\" \/>\n\t<meta name=\"twitter:data2\" content=\"8 minuts\" \/>\n<script type=\"application\/ld+json\" class=\"yoast-schema-graph\">{\"@context\":\"https:\/\/schema.org\",\"@graph\":[{\"@type\":\"WebPage\",\"@id\":\"https:\/\/www.avafin.es\/ca\/bloc\/tancament-euribor-gener-2026\",\"url\":\"https:\/\/www.avafin.es\/ca\/bloc\/tancament-euribor-gener-2026\",\"name\":\"Cierre del Eur\u00edbor en Enero 2026: qu\u00e9 significa para tu hipoteca | AvaFin Espa\u00f1a\",\"isPartOf\":{\"@id\":\"https:\/\/www.avafin.es\/ca\/#website\"},\"primaryImageOfPage\":{\"@id\":\"https:\/\/www.avafin.es\/ca\/bloc\/tancament-euribor-gener-2026#primaryimage\"},\"image\":{\"@id\":\"https:\/\/www.avafin.es\/ca\/bloc\/tancament-euribor-gener-2026#primaryimage\"},\"thumbnailUrl\":\"https:\/\/www.avafin.es\/wp-content\/uploads\/2026\/01\/cierre-euribor-enero-2026.jpg\",\"datePublished\":\"2026-01-31T08:45:27+00:00\",\"author\":{\"@id\":\"https:\/\/www.avafin.es\/ca\/#\/schema\/person\/2955e74f3626e82f06ef36d98ecdc878\"},\"description\":\"Descubre qu\u00e9 implica el cierre del eur\u00edbor en enero de 2026 y c\u00f3mo puede afectar a tu hipoteca y econom\u00eda mensual.\",\"breadcrumb\":{\"@id\":\"https:\/\/www.avafin.es\/ca\/bloc\/tancament-euribor-gener-2026#breadcrumb\"},\"inLanguage\":\"ca\",\"potentialAction\":[{\"@type\":\"ReadAction\",\"target\":[\"https:\/\/www.avafin.es\/ca\/bloc\/tancament-euribor-gener-2026\"]}]},{\"@type\":\"ImageObject\",\"inLanguage\":\"ca\",\"@id\":\"https:\/\/www.avafin.es\/ca\/bloc\/tancament-euribor-gener-2026#primaryimage\",\"url\":\"https:\/\/www.avafin.es\/wp-content\/uploads\/2026\/01\/cierre-euribor-enero-2026.jpg\",\"contentUrl\":\"https:\/\/www.avafin.es\/wp-content\/uploads\/2026\/01\/cierre-euribor-enero-2026.jpg\",\"width\":2000,\"height\":1333,\"caption\":\"Descubre qu\u00e9 implica el cierre del eur\u00edbor en enero de 2026 para tu hipoteca y econom\u00eda mensual. Escenarios, consejos pr\u00e1cticos y c\u00f3mo reorganizar tu presupuesto si sube.\"},{\"@type\":\"BreadcrumbList\",\"@id\":\"https:\/\/www.avafin.es\/ca\/bloc\/tancament-euribor-gener-2026#breadcrumb\",\"itemListElement\":[{\"@type\":\"ListItem\",\"position\":1,\"name\":\"Inicio\",\"item\":\"https:\/\/www.avafin.es\/\"},{\"@type\":\"ListItem\",\"position\":2,\"name\":\"Educaci\u00f3n financiera\",\"item\":\"https:\/\/www.avafin.es\/blog\/educacion-financiera\"},{\"@type\":\"ListItem\",\"position\":3,\"name\":\"Cierre del eur\u00edbor en enero de 2026: qu\u00e9 significa y c\u00f3mo te afecta\"}]},{\"@type\":\"WebSite\",\"@id\":\"https:\/\/www.avafin.es\/ca\/#website\",\"url\":\"https:\/\/www.avafin.es\/ca\/\",\"name\":\"AvaFin Espa\u00f1a\",\"description\":\"\",\"potentialAction\":[{\"@type\":\"SearchAction\",\"target\":{\"@type\":\"EntryPoint\",\"urlTemplate\":\"https:\/\/www.avafin.es\/ca\/?s={search_term_string}\"},\"query-input\":{\"@type\":\"PropertyValueSpecification\",\"valueRequired\":true,\"valueName\":\"search_term_string\"}}],\"inLanguage\":\"ca\"},{\"@type\":\"Person\",\"@id\":\"https:\/\/www.avafin.es\/ca\/#\/schema\/person\/2955e74f3626e82f06ef36d98ecdc878\",\"name\":\"Alejandra Rangel\",\"pronouns\":\"Ella\",\"image\":{\"@type\":\"ImageObject\",\"inLanguage\":\"ca\",\"@id\":\"https:\/\/www.avafin.es\/ca\/#\/schema\/person\/image\/\",\"url\":\"https:\/\/www.avafin.es\/wp-content\/uploads\/2026\/04\/cropped-cropped-Alejandra-Rangel-Avafin-2-96x96.png\",\"contentUrl\":\"https:\/\/www.avafin.es\/wp-content\/uploads\/2026\/04\/cropped-cropped-Alejandra-Rangel-Avafin-2-96x96.png\",\"caption\":\"Alejandra Rangel\"},\"description\":\"Experta en pr\u00e9stamos personales, financiaci\u00f3n online e investigaci\u00f3n de mercado. Con a\u00f1os de experiencia en la industria financiera, analiza las necesidades de los consumidores para desarrollar contenidos \u00fatiles, fiables y actualizados. En AvaFin, comparte informaci\u00f3n sobre cr\u00e9ditos online, salud financiera y tendencias del mercado, con el objetivo de ayudarte a tomar decisiones financieras mejor informadas.\",\"sameAs\":[\"http:\/\/www.avafin.es\",\"https:\/\/www.facebook.com\/profile.php?id=61569520036083&locale=es_ES\",\"https:\/\/www.instagram.com\/avafines\/\",\"https:\/\/x.com\/https:\/\/x.com\/AvafinEs\"],\"url\":\"https:\/\/www.avafin.es\/ca\/blog\/author\/alejandra\"}]}<\/script>\n<!-- \/ Yoast SEO plugin. -->","yoast_head_json":{"title":"Tancament de l&#039;eur\u00edbor al gener 2026: qu\u00e8 significa per a la teva hipoteca | AvaFin Espanya","description":"Descobreix qu\u00e8 implica el tancament de l&#039;eur\u00edbor el gener del 2026 i com pot afectar la hipoteca i l&#039;economia mensual.","robots":{"index":"index","follow":"follow","max-snippet":"max-snippet:-1","max-image-preview":"max-image-preview:large","max-video-preview":"max-video-preview:-1"},"canonical":"https:\/\/www.avafin.es\/ca\/bloc\/tancament-euribor-gener-2026","og_locale":"ca_ES","og_type":"article","og_title":"Cierre del Eur\u00edbor en Enero 2026: qu\u00e9 significa para tu hipoteca | AvaFin Espa\u00f1a","og_description":"Descubre qu\u00e9 implica el cierre del eur\u00edbor en enero de 2026 y c\u00f3mo puede afectar a tu hipoteca y econom\u00eda mensual.","og_url":"https:\/\/www.avafin.es\/ca\/bloc\/tancament-euribor-gener-2026","og_site_name":"AvaFin Espa\u00f1a","article_author":"https:\/\/www.facebook.com\/profile.php?id=61569520036083&locale=es_ES","article_published_time":"2026-01-31T08:45:27+00:00","og_image":[{"width":2000,"height":1333,"url":"https:\/\/www.avafin.es\/wp-content\/uploads\/2026\/01\/cierre-euribor-enero-2026.jpg","type":"image\/jpeg"}],"author":"Alejandra Rangel","twitter_card":"summary_large_image","twitter_creator":"@https:\/\/x.com\/AvafinEs","twitter_misc":{"Written by":"Alejandra Rangel","Est. reading time":"8 minuts"},"schema":{"@context":"https:\/\/schema.org","@graph":[{"@type":"WebPage","@id":"https:\/\/www.avafin.es\/ca\/bloc\/tancament-euribor-gener-2026","url":"https:\/\/www.avafin.es\/ca\/bloc\/tancament-euribor-gener-2026","name":"Tancament de l&#039;eur\u00edbor al gener 2026: qu\u00e8 significa per a la teva hipoteca | AvaFin Espanya","isPartOf":{"@id":"https:\/\/www.avafin.es\/ca\/#website"},"primaryImageOfPage":{"@id":"https:\/\/www.avafin.es\/ca\/bloc\/tancament-euribor-gener-2026#primaryimage"},"image":{"@id":"https:\/\/www.avafin.es\/ca\/bloc\/tancament-euribor-gener-2026#primaryimage"},"thumbnailUrl":"https:\/\/www.avafin.es\/wp-content\/uploads\/2026\/01\/cierre-euribor-enero-2026.jpg","datePublished":"2026-01-31T08:45:27+00:00","author":{"@id":"https:\/\/www.avafin.es\/ca\/#\/schema\/person\/2955e74f3626e82f06ef36d98ecdc878"},"description":"Descobreix qu\u00e8 implica el tancament de l&#039;eur\u00edbor el gener del 2026 i com pot afectar la hipoteca i l&#039;economia mensual.","breadcrumb":{"@id":"https:\/\/www.avafin.es\/ca\/bloc\/tancament-euribor-gener-2026#breadcrumb"},"inLanguage":"ca","potentialAction":[{"@type":"ReadAction","target":["https:\/\/www.avafin.es\/ca\/bloc\/tancament-euribor-gener-2026"]}]},{"@type":"ImageObject","inLanguage":"ca","@id":"https:\/\/www.avafin.es\/ca\/bloc\/tancament-euribor-gener-2026#primaryimage","url":"https:\/\/www.avafin.es\/wp-content\/uploads\/2026\/01\/cierre-euribor-enero-2026.jpg","contentUrl":"https:\/\/www.avafin.es\/wp-content\/uploads\/2026\/01\/cierre-euribor-enero-2026.jpg","width":2000,"height":1333,"caption":"Descubre qu\u00e9 implica el cierre del eur\u00edbor en enero de 2026 para tu hipoteca y econom\u00eda mensual. Escenarios, consejos pr\u00e1cticos y c\u00f3mo reorganizar tu presupuesto si sube."},{"@type":"BreadcrumbList","@id":"https:\/\/www.avafin.es\/ca\/bloc\/tancament-euribor-gener-2026#breadcrumb","itemListElement":[{"@type":"ListItem","position":1,"name":"Inicio","item":"https:\/\/www.avafin.es\/"},{"@type":"ListItem","position":2,"name":"Educaci\u00f3n financiera","item":"https:\/\/www.avafin.es\/blog\/educacion-financiera"},{"@type":"ListItem","position":3,"name":"Cierre del eur\u00edbor en enero de 2026: qu\u00e9 significa y c\u00f3mo te afecta"}]},{"@type":"WebSite","@id":"https:\/\/www.avafin.es\/ca\/#website","url":"https:\/\/www.avafin.es\/ca\/","name":"AvaFin Espanya","description":"","potentialAction":[{"@type":"SearchAction","target":{"@type":"EntryPoint","urlTemplate":"https:\/\/www.avafin.es\/ca\/?s={search_term_string}"},"query-input":{"@type":"PropertyValueSpecification","valueRequired":true,"valueName":"search_term_string"}}],"inLanguage":"ca"},{"@type":"Person","@id":"https:\/\/www.avafin.es\/ca\/#\/schema\/person\/2955e74f3626e82f06ef36d98ecdc878","name":"Alejandra Rangel","pronouns":"Ella","image":{"@type":"ImageObject","inLanguage":"ca","@id":"https:\/\/www.avafin.es\/ca\/#\/schema\/person\/image\/","url":"https:\/\/www.avafin.es\/wp-content\/uploads\/2026\/04\/cropped-cropped-Alejandra-Rangel-Avafin-2-96x96.png","contentUrl":"https:\/\/www.avafin.es\/wp-content\/uploads\/2026\/04\/cropped-cropped-Alejandra-Rangel-Avafin-2-96x96.png","caption":"Alejandra Rangel"},"description":"Experta en pr\u00e9stamos personales, financiaci\u00f3n online e investigaci\u00f3n de mercado. Con a\u00f1os de experiencia en la industria financiera, analiza las necesidades de los consumidores para desarrollar contenidos \u00fatiles, fiables y actualizados. En AvaFin, comparte informaci\u00f3n sobre cr\u00e9ditos online, salud financiera y tendencias del mercado, con el objetivo de ayudarte a tomar decisiones financieras mejor informadas.","sameAs":["http:\/\/www.avafin.es","https:\/\/www.facebook.com\/profile.php?id=61569520036083&locale=es_ES","https:\/\/www.instagram.com\/avafines\/","https:\/\/x.com\/https:\/\/x.com\/AvafinEs"],"url":"https:\/\/www.avafin.es\/ca\/blog\/author\/alejandra"}]}},"jetpack_publicize_connections":[],"featured_media_link":"https:\/\/www.avafin.es\/wp-content\/uploads\/2026\/01\/cierre-euribor-enero-2026-768x512.jpg","category":{"color":"#010440","link":"https:\/\/www.avafin.es\/ca\/bloc\/educacio-financera","text":"Educaci\u00f3n financiera"},"_links":{"self":[{"href":"https:\/\/www.avafin.es\/ca\/wp-json\/wp\/v2\/posts\/8083","targetHints":{"allow":["GET"]}}],"collection":[{"href":"https:\/\/www.avafin.es\/ca\/wp-json\/wp\/v2\/posts"}],"about":[{"href":"https:\/\/www.avafin.es\/ca\/wp-json\/wp\/v2\/types\/post"}],"author":[{"embeddable":true,"href":"https:\/\/www.avafin.es\/ca\/wp-json\/wp\/v2\/users\/32"}],"replies":[{"embeddable":true,"href":"https:\/\/www.avafin.es\/ca\/wp-json\/wp\/v2\/comments?post=8083"}],"version-history":[{"count":0,"href":"https:\/\/www.avafin.es\/ca\/wp-json\/wp\/v2\/posts\/8083\/revisions"}],"wp:featuredmedia":[{"embeddable":true,"href":"https:\/\/www.avafin.es\/ca\/wp-json\/wp\/v2\/media\/8085"}],"wp:attachment":[{"href":"https:\/\/www.avafin.es\/ca\/wp-json\/wp\/v2\/media?parent=8083"}],"wp:term":[{"taxonomy":"category","embeddable":true,"href":"https:\/\/www.avafin.es\/ca\/wp-json\/wp\/v2\/categories?post=8083"},{"taxonomy":"post_tag","embeddable":true,"href":"https:\/\/www.avafin.es\/ca\/wp-json\/wp\/v2\/tags?post=8083"}],"curies":[{"name":"wp","href":"https:\/\/api.w.org\/{rel}","templated":true}]}}