{"id":6479,"date":"2025-08-29T13:00:02","date_gmt":"2025-08-29T11:00:02","guid":{"rendered":"https:\/\/www.avafin.es\/?p=6479"},"modified":"2026-03-06T13:56:45","modified_gmt":"2026-03-06T11:56:45","slug":"crisi-dels-30","status":"publish","type":"post","link":"https:\/\/www.avafin.es\/ca\/bloc\/crisi-dels-30","title":{"rendered":"Crisi dels 30 anys: com afrontar-la"},"content":{"rendered":"<p>Si est\u00e0s proper als <strong>30 anys<\/strong> o ja els has complert potser experimentis una fase de <strong>q\u00fcestionament personal<\/strong>, molt com\u00fa en l&#039;actualitat en assolir aquesta edat.<\/p>\n\n\n\n<p>Parlem d&#039;una generaci\u00f3 que pateix en molts casos situacions de <strong>precarietat laboral<\/strong>, sous baixos i <strong>dificultats d&#039;acc\u00e9s a l&#039;habitatge<\/strong>, la qual cosa impossibilita desenvolupar un projecte vital i endinsar-se plenament a l&#039;edat adulta.<\/p>\n\n\n\n<p>A m\u00e9s, l&#039;arribada dels 30 tamb\u00e9 \u00e9s una etapa prop\u00edcia per a <strong>mirar enrere<\/strong>, valorar si aquells somnis i expectatives de la primera joventut shan complert, i si es porta la vida prevista.<\/p>\n\n\n\n<p>Abans de res, la crisi dels <strong>30 \u00e9s una etapa<\/strong> de <strong>replantejament<\/strong>, de fer balan\u00e7 d&#039;on \u00e9s i on es vol <strong>arribar<\/strong>. En general, encara que aquests per\u00edodes tinguin un comen\u00e7ament dif\u00edcil, amb el seu <strong>sensaci\u00f3 de malestar inclosa<\/strong>, ben enfocats poden convertir-se en una oportunitat de <strong>creixement personal<\/strong>, en servir d&#039;est\u00edmul per reordenar prioritats i metes, assumint, eventualment, que potser aquestes han de ser m\u00e9s realistes, i que en qualsevol cas assolir-les requereix <strong>millorar<\/strong> en determinats aspectes, eliminar certes pr\u00e0ctiques, adquirir certs h\u00e0bits\u2026<\/p>\n\n\n\n<p>T&#039;ho expliquem tot amb <strong>m\u00e9s detall<\/strong> a les seg\u00fcents l\u00ednies!<\/p>\n\n\n\n<h2 class=\"wp-block-heading\">Qu\u00e8 \u00e9s la crisi dels 30?<\/h2>\n\n\n\n<p>Podem definir la crisi dels 30 anys com un fenomen que moltes <strong>persones experimenten <\/strong>quan arriben o ronden aquesta edat, en contrastar la <strong>realitat quotidiana<\/strong> que afronten amb els seus <strong>metes i objectius vitals<\/strong>.<\/p>\n\n\n\n<p>Aquest <strong>xoc<\/strong> entre les <strong>expectatives<\/strong> i la <strong>situaci\u00f3 actual<\/strong> sol provocar una mena de <strong>crisi existencial<\/strong>, tradu\u00efda al principi en percepcions i <strong>sensacions negatives<\/strong>.<\/p>\n\n\n\n<p>No obstant aix\u00f2, es pot aprofitar aquesta etapa de<strong> introspecci\u00f3<\/strong> per avaluar i ajustar les expectatives, fent-les m\u00e9s realistes, aix\u00ed com per plantejar-se <strong>el cam\u00ed a seguir<\/strong> per assolir els objectius desitjats.<\/p>\n\n\n\n<p>A difer\u00e8ncia de la crisi dels 40 no influeix tant la idea que un es fa gran, ja que encara s&#039;\u00e9s jove als 30. Seria, m\u00e9s aviat, en la majoria de casos, una crisi provocada per la <strong>dificultat per poder portar una vida adulta<\/strong>, o b\u00e9 conforme s&#039;havia projectat.<\/p>\n\n\n\n<h2 class=\"wp-block-heading\">Per qu\u00e8 Ocorre? Causes de la crisi dels 30<\/h2>\n\n\n\n<p>Encara que ja h\u00e0gim avan\u00e7at quin seria el <strong>brou de cultiu<\/strong> de la crisi dels 30, recopilarem els diferents factors que poden detonar-la.<\/p>\n\n\n\n<h3 class=\"wp-block-heading\">Factors psicol\u00f2gics i emocionals<\/h3>\n\n\n\n<p>Apareixen pensaments negatius recurrents sobre el <strong>prop\u00f2sit de vida<\/strong>, amb eventuals sensacions de <strong>buit vital<\/strong> o de no estar <strong>vivint plenament<\/strong>. Aqu\u00ed sorgeixen les <strong>comparacions <\/strong>amb els altres, propiciades per <strong>percepcions distorsionades<\/strong> com les que provoquen les <strong>xarxes socials<\/strong>, on no es mostra la realitat del dia a dia.<\/p>\n\n\n\n<p>Aix\u00ed, aquestes fotos meravelloses de <strong>viatges o escapades<\/strong> que es veuen no tenen per qu\u00e8 reflectir la <strong>quotidianitat<\/strong> dels qui les pugen, de la mateixa manera que les estampes familiars id\u00edl\u00b7liques de parelles amb nens petits mostren nom\u00e9s els millors moments, obviant la duresa de la crian\u00e7a, i el que suposa quant a ren\u00fancies, cansament i c\u00e0rrega emocional.<\/p>\n\n\n\n<h3 class=\"wp-block-heading\">Pressions familiars i socials<\/h3>\n\n\n\n<p>L&#039;entorn familiar, encara que sigui sense mala intenci\u00f3, ans al contrari, de vegades tamb\u00e9 contribueix a alimentar la sensaci\u00f3 de<strong> frustraci\u00f3<\/strong>, per les expectatives dipositades, sense anar m\u00e9s lluny a l&#039;hora de <strong>formar una fam\u00edlia<\/strong> pr\u00f2pia.<\/p>\n\n\n\n<p>A m\u00e9s, les <strong>generacions anteriors<\/strong> de vegades no entenen que el <strong>m\u00f3n actual dista molt del seu<\/strong> quan eren joves, en alguns aspectes per b\u00e9, per\u00f2 en altres vitals com l&#039;acc\u00e9s a l&#039;habitatge not\u00f2riament per mal.<\/p>\n\n\n\n<p>Aquesta pressi\u00f3 sol augmentar en el cas de certs perfils de joves propers als 30 anys, per exemple, en aquells que han estat els primers de la seva fam\u00edlia a accedir a <strong>formaci\u00f3 superior<\/strong> o els qui s\u00f3n <strong>fills d&#039;immigrants<\/strong>.<\/p>\n\n\n\n<p>A tot aix\u00f2 se suma la <strong>pressi\u00f3 social<\/strong>, apreciable en all\u00f2 habitual que resulta preguntar primer si es t\u00e9 parella, despr\u00e9s quan ser\u00e0 el casament, m\u00e9s tard pel nad\u00f3 i, finalment, per si arribar\u00e0 la parella. A m\u00e9s, en molts casos cal bregar amb el \u00ab<strong><em>jo a la teva edat<\/em><\/strong>\u2026\u00bb<\/p>\n\n\n\n<h3 class=\"wp-block-heading\">Canvis vitals<\/h3>\n\n\n\n<p>Aqu\u00ed entrarien en joc els <strong>primers canvis f\u00edsics<\/strong> que es comencen a notar pel que fa a l&#039;edat m\u00e9s juvenil, particularment si no es fa <strong>exercici<\/strong>.<\/p>\n\n\n\n<p>A nivell <strong>laboral <\/strong>en cas de no experimentar un desenc\u00eds per la <strong>precarietat<\/strong>, es pot <strong>percebre la c\u00e0rrega de les responsabilitats<\/strong> assumides a la feina, sense que la compensaci\u00f3 obtinguda hagi anat en concordan\u00e7a.<\/p>\n\n\n\n<p>Les <strong>parelles joves amb fills<\/strong> afronten la duresa de la <strong>crian\u00e7a<\/strong>, amb tot el que implica d&#039;estr\u00e8s, angoixa, cansament i ren\u00fancies, per la qual cosa poden experimentar igualment aquesta sensaci\u00f3 de crisi a la <strong>trentena<\/strong>, encara que estiguin en la situaci\u00f3 te\u00f2rica que anhelen altres nois de trenta anys que, precisament, se senten frustrats per no poder assolir-la, ja sigui per motius d&#039;estabilitat econ\u00f2mica o personals.<\/p>\n\n\n\n<p>Tamb\u00e9 \u00e9s cert que quan treuen el cap les responsabilitats laborals i familiars sol passar que els <strong>grups d&#039;amics<\/strong> no puguin <strong>veure&#039;s ni atendre&#039;s tant com abans<\/strong>, per la qual cosa es perd un suport important al dia a dia, a l&#039;hora de fer plans, etc.<\/p>\n\n\n\n<p>A m\u00e9s, els qui s\u00f3n els \u00fanics a haver tingut fills oa no tenir-los per ara, tendeixen a sentir-se <strong>despla\u00e7ats<\/strong> perqu\u00e8 els plans, les activitats o les escapades s&#039;organitzen sempre en funci\u00f3 de la majoria.<\/p>\n\n\n\n<p>En definitiva, poden ser m\u00faltiples els factors i detonants que afavoreixin la <strong>crisi dels 30<\/strong>, que es manifestaria en <strong>s\u00edmptomes<\/strong> com els que veurem a continuaci\u00f3.<\/p>\n\n\n\n<h2 class=\"wp-block-heading\">S\u00edmptomes comuns de la crisi dels 30<\/h2>\n\n\n\n<p>Una sensaci\u00f3 que es repeteix en aquest tipus de crisi \u00e9s el <strong>sentiment d&#039;insatisfacci\u00f3<\/strong>. Et <strong>sents estancat<\/strong>, bloquejat i desanimat, el que mina i impedeix pensar amb claredat, fent-te fins i tot tenir una <strong>percepci\u00f3 distorsionada<\/strong> de tu o la teva situaci\u00f3, convertint-la en m\u00e9s negativa del que \u00e9s en realitat.<\/p>\n\n\n\n<p>Aix\u00ed mateix, aquest <strong>malestar psicol\u00f2gic <\/strong>i el <strong>sobrepensar<\/strong> tant les coses <strong>resta molta energia<\/strong> per actuar i poder <strong>canviar la situaci\u00f3<\/strong> en all\u00f2 que estigui a la teva m\u00e0. En aquest sentit, seguir <strong>h\u00e0bits poc saludables<\/strong> pot empitjorar m\u00e9s les coses, ja parlem de l&#039;addicci\u00f3 a la dopamina de les <strong>xarxes socials<\/strong>, el menjar poc recomanable o utilitzar les sortides amb <strong>alcohol <\/strong>com a v\u00e0lvula d&#039;escapament. Probablement, no hi hagi res pitjor que un diumenge amb ressaca quan es travessa aquest tipus de crisi.<\/p>\n\n\n\n<p>Per aix\u00f2, la import\u00e0ncia de comen\u00e7ar <strong>redefinint l&#039;estil de vida<\/strong>, que a m\u00e9s \u00e9s una cosa que sempre est\u00e0 a la nostra m\u00e0 <strong>canviar<\/strong>. Es tracta de prendre les regnes en all\u00f2 m\u00e9s b\u00e0sic per recuperar la <strong>sensaci\u00f3 de control <\/strong>i <strong>motivar-se<\/strong>. Despr\u00e9s, ser\u00e0 m\u00e9s f\u00e0cil sospesar vincles i projectes, aix\u00ed com valorar si val la pena un <strong>canvi de carrera<\/strong> professional, i si \u00e9s viable fer-ho formant-se, reinventant-se i adaptant el rumb a les veritables prioritats personals.<\/p>\n\n\n\n<h2 class=\"wp-block-heading\">Com afrontar i superar la crisi dels 30: estrat\u00e8gies efectives<\/h2>\n\n\n\n<p>Encara que acabem de donar unes pautes generals per abordar la crisi dels 30, per actuar de manera efica\u00e7 davant d&#039;ella pot resultar de for\u00e7a ajuda <strong>seguir aquests passos<\/strong>:<\/p>\n\n\n\n<ul class=\"wp-block-list\">\n<li><strong>Autoconeixement i acceptaci\u00f3: <\/strong>posa nom al que et passa i d\u00f3na&#039;t temps, tingues en compte que per m\u00e9s que necessitis certeses sobre el teu futur hi ha coses que no estan a la m\u00e0. <strong>Accepta la incertesa<\/strong> com a part del <strong>proc\u00e9s d&#039;aprenentatge<\/strong> i millora, enfocant-te en el que s\u00ed que dep\u00e8n de tu, per exemple, completar una<strong> formaci\u00f3<\/strong> que exigeixen per a un lloc de treball desitjat. Obtenir-ho despr\u00e9s dependr\u00e0 de molts condicionants, per\u00f2 haur\u00e0s posat de part teva el necessari per aconseguir-ho, i no cabr\u00e0 el \u00abi <em>si hagu\u00e9s fet<\/em>\u2026\u00bb que tan nociu \u00e9s.<\/li>\n\n\n\n<li><strong>Cura personal i benestar: <\/strong>prioritza la <strong>alimentaci\u00f3<\/strong>, el <strong>exercici <\/strong>i el <strong>descans<\/strong>. Compleix amb les teves obligacions i responsabilitats, premiant-te despr\u00e9s amb <strong>activitats que t&#039;omplin<\/strong> o et permetin recuperar aficions abandonades que encara t&#039;agraden, passions postergades, etc.<\/li>\n\n\n\n<li><strong>Cerca de suport: <\/strong>el que \u00e9s important de la crisi dels 30 no s\u00f3n els anys, sin\u00f3 la crisi. Cosa que de vegades <strong>costa transmetre<\/strong> i fer veure, particularment les persones de m\u00e9s edat del nostre entorn, que en el millor dels casos poden ser comprensius amb la dels 40. Amb tot, es pot comunicar a <strong>amics i familiars <\/strong>la situaci\u00f3 dif\u00edcil que sest\u00e0 travessant, perqu\u00e8 des de la <strong>empatia <\/strong>aportin <strong>suport emocional <\/strong>i<strong>perspectiva<\/strong>.Tampoc conv\u00e9 descartar la <strong>ajuda professional <\/strong>si cal, per sort anar al psic\u00f2leg ja no \u00e9s vist com una cosa excepcional, i \u00e9s la millor via per rebre una ter\u00e0pia efectiva quan la baixada de la trentena nom\u00e9s \u00e9s la <strong>punta de l&#039;iceberg <\/strong>que amaga un malestar m\u00e9s profund.<\/li>\n\n\n\n<li><strong>Enfocament al dia a dia<\/strong>: centra&#039;t en <strong>accions concretes<\/strong>, per molt petites que semblin, no dubtis tampoc a fer proves i experiments per trobar <strong>coses noves<\/strong> que et benefici\u00efn o gratifiquin, i segueix <strong>h\u00e0bits saludables<\/strong> en \u00e0mbits crucials com l&#039;alimentaci\u00f3 i l&#039;exercici, per\u00f2 sabent tamb\u00e9 <strong>donar-te un respir<\/strong> de tant en tant\u2026 Tot aix\u00f2 impulsar\u00e0 el teu <strong>desenvolupament personal <\/strong>i t&#039;ajudar\u00e0 a<strong> superar la crisi <\/strong>dels 30 anys, aix\u00ed com a <strong>prendre decisions<\/strong> necess\u00e0ries, comprometent-te amb elles.<\/li>\n<\/ul>\n\n\n\n<p>Valora que aquesta sensaci\u00f3 de crisi \u00e9s ja de per si mateix un signe de <strong>maduresa<\/strong>, de <strong>transformaci\u00f3 interior<\/strong>, podent suposar per poc que l&#039;afrontis amb l&#039;actitud correcta una<strong> etapa de transici\u00f3<\/strong> que et porti on vols ser, per m\u00e9s que aix\u00f2 pugui plantejar-te nous reptes i disgustos. Per\u00f2, en qualsevol cas, haur\u00e0s apr\u00e8s a <strong>gestionar aquest tipus de situacions<\/strong>, ia saber com fer-los front amb les eines adequades.<\/p>\n\n\n\n<p>Aprofita tamb\u00e9 les oportunitats que poden brindar les <a href=\"https:\/\/www.avafin.es\/ca\/bloc\/ajudes-a-joves\/\"><strong>ajudes per a joves<\/strong><\/a> existents actualment, des de per a una q\u00fcesti\u00f3 que afecta tant la generaci\u00f3 actual com els <strong>lloguers <\/strong>fins a les que hi ha per accedir a <strong>formacions<\/strong>, la millor via per a un canvi laboral. Gaireb\u00e9 tots aquests ajuts tenen un l\u00edmit d&#039;edat que arriba als<strong> 35 anys<\/strong>, i fins i tot algunes per al <a href=\"https:\/\/www.avafin.es\/ca\/bloc\/ajudes-joves-emprenedors\/\"><strong>emprenedoria<\/strong><\/a> apliquen fins als <strong>40 anys<\/strong>.<\/p>\n\n\n\n<p>Pots comptar amb <strong>AvaFin<\/strong> ja sigui per fer-ne una <strong>escapada<\/strong> que et permeti <strong>aclarir-te<\/strong>, obtenir<strong> finan\u00e7ament<\/strong> per a un <strong>curs <\/strong>que t&#039;interessi o qualsevol altre prop\u00f2sit.<\/p>\n\n\n\n<p>A m\u00e9s, podem oferir-te <a href=\"https:\/\/www.avafin.es\/ca\/bloc\/ajuda-economica-urgent\/\"><strong>ajuda econ\u00f2mica urgent<\/strong><\/a> a trav\u00e9s de <a href=\"https:\/\/www.avafin.es\/ca\/prestem\/\">pr\u00e9stecs<\/a> o <a href=\"https:\/\/www.avafin.es\/ca\/minicredits\/\"><strong>minicr\u00e8dits<\/strong><\/a><strong> <\/strong>que se sol\u00b7liciten i concedeixen en l\u00ednia en minuts.<\/p>\n\n\n\n<p>\u00a1\u00a1<strong>Tria<\/strong> tu mateix les <strong>quantitats <\/strong>i <strong>terminis de devoluci\u00f3<\/strong> a la nostra <a href=\"https:\/\/www.avafin.es\/ca\/\"><strong>plataforma<\/strong><\/a>!<\/p>\n\n\n\n<h2 class=\"wp-block-heading\">Preguntes Freq\u00fcents sobre la crisi dels 30<\/h2>\n\n\n\n<div class=\"schema-faq wp-block-yoast-faq-block\"><div class=\"schema-faq-section\" id=\"faq-question-1756464377040\"><strong class=\"schema-faq-question\">Qu\u00e8 causa la crisi dels 30?<\/strong> <p class=\"schema-faq-answer\">La principal causa \u00e9s el <strong>xoc entre expectatives i realitat<\/strong>: no haver aconseguit una estabilitat laboral, econ\u00f2mica o familiar com s&#039;havia projectat. A aix\u00f2 se sumen <strong>pressions <\/strong>socials, familiars i <strong>comparacions<\/strong> amb els altres, moltes vegades amplificades per les <strong>xarxes socials<\/strong>.<\/p> <\/div> <div class=\"schema-faq-section\" id=\"faq-question-1756464386827\"><strong class=\"schema-faq-question\">Com es manifesta la crisi dels 30?<\/strong> <p class=\"schema-faq-answer\">Es reconeix per sentiments d&#039;i<strong>nsatisfacci\u00f3<\/strong>, bloqueig i <strong>estancament <\/strong>que generen <strong>malestar psicol\u00f2gic<\/strong>. Aquests poden acompanyar-se de <strong>ansietat<\/strong>, pensaments negatius i <strong>h\u00e0bits poc saludables<\/strong> que empitjoren la sensaci\u00f3 de crisi.<\/p> <\/div> <div class=\"schema-faq-section\" id=\"faq-question-1756464397435\"><strong class=\"schema-faq-question\">Com afrontar la crisi dels 30?<\/strong> <p class=\"schema-faq-answer\">El m\u00e9s efica\u00e7 \u00e9s acceptar la situaci\u00f3 i <strong>posar el focus en all\u00f2 que s\u00ed que dep\u00e8n d&#039;un mateix<\/strong>: cuidar-se f\u00edsicament i emocionalment, fixar objectius realistes i fer petits passos cap a ells. El <strong>suport<\/strong> de familiars, amics o professionals tamb\u00e9 pot ser clau en aquest proc\u00e9s.<\/p> <\/div> <div class=\"schema-faq-section\" id=\"faq-question-1756464413979\"><strong class=\"schema-faq-question\">\u00c9s normal sentir la crisi dels 30?<\/strong> <p class=\"schema-faq-answer\">S\u00ed, \u00e9s un <strong>fenomen com\u00fa<\/strong> i no s&#039;ha de veure com una feblesa. Al contrari, es pot entendre com un <strong>signe de maduresa<\/strong>, i suposar una oportunitat de replantejar prioritats per <strong>cr\u00e9ixer personalment<\/strong> i orientar millor la nostra vida.<\/p> <\/div> <\/div>\n\n\n\n<h3 class=\"wp-block-heading has-text-align-center\">Est\u00e0s buscant un Pr\u00e9stec R\u00e0pid?<\/h3>\n\n\n\n<div class=\"wp-block-group\"><div class=\"wp-block-group__inner-container is-layout-constrained wp-block-group-is-layout-constrained\">\n<p class=\"has-text-align-center\">Obtingues-ho avui amb AvaFin<\/p>\n\n\n\n<div style=\"margin: auto;\" class=\"flex flex-res\">\n<a id=\"av-get-loan\" class=\"btn btn-cta btn-lg force-data-base-url\" href=\"https:\/\/portal.avafin.es\/wp-registerCreditosi\" style=\"display: inline-block; margin: auto\">Sol\u00b7licitar<\/a>\n<\/div>\n<\/div><\/div>","protected":false},"excerpt":{"rendered":"<p>Si est\u00e0s proper als 30 anys o ja els has complert pot ser que experimentis una fase de q\u00fcestionament personal, molt com\u00fa actualment en assolir aquesta edat. Parlem d&#039;una generaci\u00f3 que en molts casos pateix situacions de precarietat laboral, sous baixos i dificultats d&#039;acc\u00e9s a l&#039;habitatge, cosa que impossibilita desenvolupar [\u2026]<\/p>","protected":false},"author":32,"featured_media":6503,"comment_status":"open","ping_status":"closed","sticky":false,"template":"","format":"standard","meta":{"_acf_changed":false,"footnotes":"","jetpack_publicize_message":"","jetpack_publicize_feature_enabled":true,"jetpack_social_post_already_shared":false,"jetpack_social_options":{"image_generator_settings":{"template":"highway","default_image_id":0,"font":"","enabled":false},"version":2}},"categories":[22,23],"tags":[],"class_list":["post-6479","post","type-post","status-publish","format-standard","has-post-thumbnail","hentry","category-ahorro","category-educacion-financiera"],"acf":[],"yoast_head":"<!-- This site is optimized with the Yoast SEO plugin v26.4 - https:\/\/yoast.com\/wordpress\/plugins\/seo\/ -->\n<title>Crisis de los 30 a\u00f1os: c\u00f3mo afrontarla | AvaFin Espa\u00f1a<\/title>\n<meta name=\"description\" content=\"Pautas para abordar la llegada a la treintena insatisfechos con la vida que se tiene y sensaci\u00f3n de estar lejos de las metas personales.\" \/>\n<meta name=\"robots\" content=\"index, follow, max-snippet:-1, max-image-preview:large, max-video-preview:-1\" \/>\n<link rel=\"canonical\" href=\"https:\/\/www.avafin.es\/ca\/bloc\/crisi-dels-30\" \/>\n<meta property=\"og:locale\" content=\"ca_ES\" \/>\n<meta property=\"og:type\" content=\"article\" \/>\n<meta property=\"og:title\" content=\"Crisis de los 30 a\u00f1os: c\u00f3mo afrontarla | AvaFin Espa\u00f1a\" \/>\n<meta property=\"og:description\" content=\"Pautas para abordar la llegada a la treintena insatisfechos con la vida que se tiene y sensaci\u00f3n de estar lejos de las metas personales.\" \/>\n<meta property=\"og:url\" content=\"https:\/\/www.avafin.es\/ca\/bloc\/crisi-dels-30\" \/>\n<meta property=\"og:site_name\" content=\"AvaFin Espa\u00f1a\" \/>\n<meta property=\"article:author\" content=\"https:\/\/www.facebook.com\/profile.php?id=61569520036083&amp;locale=es_ES\" \/>\n<meta property=\"article:published_time\" content=\"2025-08-29T11:00:02+00:00\" \/>\n<meta property=\"article:modified_time\" content=\"2026-03-06T11:56:45+00:00\" \/>\n<meta property=\"og:image\" content=\"https:\/\/www.avafin.es\/wp-content\/uploads\/2025\/08\/Crisis-de-los-30-scaled.jpg\" \/>\n\t<meta property=\"og:image:width\" content=\"2560\" \/>\n\t<meta property=\"og:image:height\" content=\"1809\" \/>\n\t<meta property=\"og:image:type\" content=\"image\/jpeg\" \/>\n<meta name=\"author\" content=\"Alejandra Rangel\" \/>\n<meta name=\"twitter:card\" content=\"summary_large_image\" \/>\n<meta name=\"twitter:creator\" content=\"@https:\/\/x.com\/AvafinEs\" \/>\n<meta name=\"twitter:label1\" content=\"Written by\" \/>\n\t<meta name=\"twitter:data1\" content=\"Alejandra Rangel\" \/>\n\t<meta name=\"twitter:label2\" content=\"Est. reading time\" \/>\n\t<meta name=\"twitter:data2\" content=\"9 minuts\" \/>\n<script type=\"application\/ld+json\" class=\"yoast-schema-graph\">{\"@context\":\"https:\/\/schema.org\",\"@graph\":[{\"@type\":[\"WebPage\",\"FAQPage\"],\"@id\":\"https:\/\/www.avafin.es\/ca\/bloc\/crisi-dels-30\",\"url\":\"https:\/\/www.avafin.es\/ca\/bloc\/crisi-dels-30\",\"name\":\"Crisis de los 30 a\u00f1os: c\u00f3mo afrontarla | AvaFin Espa\u00f1a\",\"isPartOf\":{\"@id\":\"https:\/\/www.avafin.es\/ca\/#website\"},\"primaryImageOfPage\":{\"@id\":\"https:\/\/www.avafin.es\/ca\/bloc\/crisi-dels-30#primaryimage\"},\"image\":{\"@id\":\"https:\/\/www.avafin.es\/ca\/bloc\/crisi-dels-30#primaryimage\"},\"thumbnailUrl\":\"https:\/\/www.avafin.es\/wp-content\/uploads\/2025\/08\/Crisis-de-los-30-scaled.jpg\",\"datePublished\":\"2025-08-29T11:00:02+00:00\",\"dateModified\":\"2026-03-06T11:56:45+00:00\",\"author\":{\"@id\":\"https:\/\/www.avafin.es\/ca\/#\/schema\/person\/2955e74f3626e82f06ef36d98ecdc878\"},\"description\":\"Pautas para abordar la llegada a la treintena insatisfechos con la vida que se tiene y sensaci\u00f3n de estar lejos de las metas personales.\",\"breadcrumb\":{\"@id\":\"https:\/\/www.avafin.es\/ca\/bloc\/crisi-dels-30#breadcrumb\"},\"mainEntity\":[{\"@id\":\"https:\/\/www.avafin.es\/ca\/bloc\/crisi-dels-30#faq-question-1756464377040\"},{\"@id\":\"https:\/\/www.avafin.es\/ca\/bloc\/crisi-dels-30#faq-question-1756464386827\"},{\"@id\":\"https:\/\/www.avafin.es\/ca\/bloc\/crisi-dels-30#faq-question-1756464397435\"},{\"@id\":\"https:\/\/www.avafin.es\/ca\/bloc\/crisi-dels-30#faq-question-1756464413979\"}],\"inLanguage\":\"ca\",\"potentialAction\":[{\"@type\":\"ReadAction\",\"target\":[\"https:\/\/www.avafin.es\/ca\/bloc\/crisi-dels-30\"]}]},{\"@type\":\"ImageObject\",\"inLanguage\":\"ca\",\"@id\":\"https:\/\/www.avafin.es\/ca\/bloc\/crisi-dels-30#primaryimage\",\"url\":\"https:\/\/www.avafin.es\/wp-content\/uploads\/2025\/08\/Crisis-de-los-30-scaled.jpg\",\"contentUrl\":\"https:\/\/www.avafin.es\/wp-content\/uploads\/2025\/08\/Crisis-de-los-30-scaled.jpg\",\"width\":2560,\"height\":1809,\"caption\":\"Pautas para abordar la llegada a la treintena insatisfechos con la vida que se tiene y sensaci\u00f3n de estar lejos de las metas personales.\"},{\"@type\":\"BreadcrumbList\",\"@id\":\"https:\/\/www.avafin.es\/ca\/bloc\/crisi-dels-30#breadcrumb\",\"itemListElement\":[{\"@type\":\"ListItem\",\"position\":1,\"name\":\"Inicio\",\"item\":\"https:\/\/www.avafin.es\/\"},{\"@type\":\"ListItem\",\"position\":2,\"name\":\"Ahorro\",\"item\":\"https:\/\/www.avafin.es\/blog\/ahorro\"},{\"@type\":\"ListItem\",\"position\":3,\"name\":\"Crisis de los 30 a\u00f1os: c\u00f3mo afrontarla\"}]},{\"@type\":\"WebSite\",\"@id\":\"https:\/\/www.avafin.es\/ca\/#website\",\"url\":\"https:\/\/www.avafin.es\/ca\/\",\"name\":\"AvaFin Espa\u00f1a\",\"description\":\"\",\"potentialAction\":[{\"@type\":\"SearchAction\",\"target\":{\"@type\":\"EntryPoint\",\"urlTemplate\":\"https:\/\/www.avafin.es\/ca\/?s={search_term_string}\"},\"query-input\":{\"@type\":\"PropertyValueSpecification\",\"valueRequired\":true,\"valueName\":\"search_term_string\"}}],\"inLanguage\":\"ca\"},{\"@type\":\"Person\",\"@id\":\"https:\/\/www.avafin.es\/ca\/#\/schema\/person\/2955e74f3626e82f06ef36d98ecdc878\",\"name\":\"Alejandra Rangel\",\"pronouns\":\"Ella\",\"image\":{\"@type\":\"ImageObject\",\"inLanguage\":\"ca\",\"@id\":\"https:\/\/www.avafin.es\/ca\/#\/schema\/person\/image\/\",\"url\":\"https:\/\/www.avafin.es\/wp-content\/uploads\/2026\/04\/cropped-cropped-Alejandra-Rangel-Avafin-2-96x96.png\",\"contentUrl\":\"https:\/\/www.avafin.es\/wp-content\/uploads\/2026\/04\/cropped-cropped-Alejandra-Rangel-Avafin-2-96x96.png\",\"caption\":\"Alejandra Rangel\"},\"description\":\"Experta en pr\u00e9stamos personales, financiaci\u00f3n online e investigaci\u00f3n de mercado. Con a\u00f1os de experiencia en la industria financiera, analiza las necesidades de los consumidores para desarrollar contenidos \u00fatiles, fiables y actualizados. En AvaFin, comparte informaci\u00f3n sobre cr\u00e9ditos online, salud financiera y tendencias del mercado, con el objetivo de ayudarte a tomar decisiones financieras mejor informadas.\",\"sameAs\":[\"http:\/\/www.avafin.es\",\"https:\/\/www.facebook.com\/profile.php?id=61569520036083&locale=es_ES\",\"https:\/\/www.instagram.com\/avafines\/\",\"https:\/\/x.com\/https:\/\/x.com\/AvafinEs\"],\"url\":\"https:\/\/www.avafin.es\/ca\/blog\/author\/alejandra\"},{\"@type\":\"Question\",\"@id\":\"https:\/\/www.avafin.es\/ca\/bloc\/crisi-dels-30#faq-question-1756464377040\",\"position\":1,\"url\":\"https:\/\/www.avafin.es\/ca\/bloc\/crisi-dels-30#faq-question-1756464377040\",\"name\":\"\u00bfQu\u00e9 causa la crisis de los 30?\",\"answerCount\":1,\"acceptedAnswer\":{\"@type\":\"Answer\",\"text\":\"La principal causa es el <strong>choque entre expectativas y realidad<\/strong>: no haber alcanzado una estabilidad laboral, econ\u00f3mica o familiar como se hab\u00eda proyectado. A ello se suman <strong>presiones <\/strong>sociales, familiares y <strong>comparaciones<\/strong> con los dem\u00e1s, muchas veces amplificadas por las <strong>redes sociales<\/strong>.\",\"inLanguage\":\"ca\"},\"inLanguage\":\"ca\"},{\"@type\":\"Question\",\"@id\":\"https:\/\/www.avafin.es\/ca\/bloc\/crisi-dels-30#faq-question-1756464386827\",\"position\":2,\"url\":\"https:\/\/www.avafin.es\/ca\/bloc\/crisi-dels-30#faq-question-1756464386827\",\"name\":\"\u00bfC\u00f3mo se manifiesta la crisis de los 30?\",\"answerCount\":1,\"acceptedAnswer\":{\"@type\":\"Answer\",\"text\":\"Se reconoce por sentimientos de i<strong>nsatisfacci\u00f3n<\/strong>, bloqueo y <strong>estancamiento <\/strong>que generan <strong>malestar psicol\u00f3gico<\/strong>. Estos pueden acompa\u00f1arse de <strong>ansiedad<\/strong>, pensamientos negativos y <strong>h\u00e1bitos poco saludables<\/strong> que empeoran la sensaci\u00f3n de crisis.\",\"inLanguage\":\"ca\"},\"inLanguage\":\"ca\"},{\"@type\":\"Question\",\"@id\":\"https:\/\/www.avafin.es\/ca\/bloc\/crisi-dels-30#faq-question-1756464397435\",\"position\":3,\"url\":\"https:\/\/www.avafin.es\/ca\/bloc\/crisi-dels-30#faq-question-1756464397435\",\"name\":\"\u00bfC\u00f3mo afrontar la crisis de los 30?\",\"answerCount\":1,\"acceptedAnswer\":{\"@type\":\"Answer\",\"text\":\"Lo m\u00e1s eficaz es aceptar la situaci\u00f3n y <strong>poner el foco en lo que s\u00ed depende de uno mismo<\/strong>: cuidarse f\u00edsica y emocionalmente, fijar objetivos realistas y dar peque\u00f1os pasos hacia ellos. El <strong>apoyo<\/strong> de familiares, amigos o profesionales puede ser tambi\u00e9n clave en este proceso.\",\"inLanguage\":\"ca\"},\"inLanguage\":\"ca\"},{\"@type\":\"Question\",\"@id\":\"https:\/\/www.avafin.es\/ca\/bloc\/crisi-dels-30#faq-question-1756464413979\",\"position\":4,\"url\":\"https:\/\/www.avafin.es\/ca\/bloc\/crisi-dels-30#faq-question-1756464413979\",\"name\":\"\u00bfEs normal sentir la crisis de los 30?\",\"answerCount\":1,\"acceptedAnswer\":{\"@type\":\"Answer\",\"text\":\"S\u00ed, es un <strong>fen\u00f3meno com\u00fan<\/strong> y no debe verse como una debilidad. Al contrario, puede entenderse como un <strong>signo de madurez<\/strong>, y suponer una oportunidad de replantear prioridades para <strong>crecer personalmente<\/strong> y orientar mejor nuestra vida.\",\"inLanguage\":\"ca\"},\"inLanguage\":\"ca\"}]}<\/script>\n<!-- \/ Yoast SEO plugin. -->","yoast_head_json":{"title":"Crisi dels 30 anys: com afrontar-la | AvaFin Espanya","description":"Pautes per abordar l?arribada a la trentena insatisfets amb la vida que es t\u00e9 i sensaci\u00f3 d?estar lluny de les metes personals.","robots":{"index":"index","follow":"follow","max-snippet":"max-snippet:-1","max-image-preview":"max-image-preview:large","max-video-preview":"max-video-preview:-1"},"canonical":"https:\/\/www.avafin.es\/ca\/bloc\/crisi-dels-30","og_locale":"ca_ES","og_type":"article","og_title":"Crisis de los 30 a\u00f1os: c\u00f3mo afrontarla | AvaFin Espa\u00f1a","og_description":"Pautas para abordar la llegada a la treintena insatisfechos con la vida que se tiene y sensaci\u00f3n de estar lejos de las metas personales.","og_url":"https:\/\/www.avafin.es\/ca\/bloc\/crisi-dels-30","og_site_name":"AvaFin Espa\u00f1a","article_author":"https:\/\/www.facebook.com\/profile.php?id=61569520036083&locale=es_ES","article_published_time":"2025-08-29T11:00:02+00:00","article_modified_time":"2026-03-06T11:56:45+00:00","og_image":[{"width":2560,"height":1809,"url":"https:\/\/www.avafin.es\/wp-content\/uploads\/2025\/08\/Crisis-de-los-30-scaled.jpg","type":"image\/jpeg"}],"author":"Alejandra Rangel","twitter_card":"summary_large_image","twitter_creator":"@https:\/\/x.com\/AvafinEs","twitter_misc":{"Written by":"Alejandra Rangel","Est. reading time":"9 minuts"},"schema":{"@context":"https:\/\/schema.org","@graph":[{"@type":["WebPage","FAQPage"],"@id":"https:\/\/www.avafin.es\/ca\/bloc\/crisi-dels-30","url":"https:\/\/www.avafin.es\/ca\/bloc\/crisi-dels-30","name":"Crisi dels 30 anys: com afrontar-la | AvaFin Espanya","isPartOf":{"@id":"https:\/\/www.avafin.es\/ca\/#website"},"primaryImageOfPage":{"@id":"https:\/\/www.avafin.es\/ca\/bloc\/crisi-dels-30#primaryimage"},"image":{"@id":"https:\/\/www.avafin.es\/ca\/bloc\/crisi-dels-30#primaryimage"},"thumbnailUrl":"https:\/\/www.avafin.es\/wp-content\/uploads\/2025\/08\/Crisis-de-los-30-scaled.jpg","datePublished":"2025-08-29T11:00:02+00:00","dateModified":"2026-03-06T11:56:45+00:00","author":{"@id":"https:\/\/www.avafin.es\/ca\/#\/schema\/person\/2955e74f3626e82f06ef36d98ecdc878"},"description":"Pautes per abordar l?arribada a la trentena insatisfets amb la vida que es t\u00e9 i sensaci\u00f3 d?estar lluny de les metes personals.","breadcrumb":{"@id":"https:\/\/www.avafin.es\/ca\/bloc\/crisi-dels-30#breadcrumb"},"mainEntity":[{"@id":"https:\/\/www.avafin.es\/ca\/bloc\/crisi-dels-30#faq-question-1756464377040"},{"@id":"https:\/\/www.avafin.es\/ca\/bloc\/crisi-dels-30#faq-question-1756464386827"},{"@id":"https:\/\/www.avafin.es\/ca\/bloc\/crisi-dels-30#faq-question-1756464397435"},{"@id":"https:\/\/www.avafin.es\/ca\/bloc\/crisi-dels-30#faq-question-1756464413979"}],"inLanguage":"ca","potentialAction":[{"@type":"ReadAction","target":["https:\/\/www.avafin.es\/ca\/bloc\/crisi-dels-30"]}]},{"@type":"ImageObject","inLanguage":"ca","@id":"https:\/\/www.avafin.es\/ca\/bloc\/crisi-dels-30#primaryimage","url":"https:\/\/www.avafin.es\/wp-content\/uploads\/2025\/08\/Crisis-de-los-30-scaled.jpg","contentUrl":"https:\/\/www.avafin.es\/wp-content\/uploads\/2025\/08\/Crisis-de-los-30-scaled.jpg","width":2560,"height":1809,"caption":"Pautas para abordar la llegada a la treintena insatisfechos con la vida que se tiene y sensaci\u00f3n de estar lejos de las metas personales."},{"@type":"BreadcrumbList","@id":"https:\/\/www.avafin.es\/ca\/bloc\/crisi-dels-30#breadcrumb","itemListElement":[{"@type":"ListItem","position":1,"name":"Inicio","item":"https:\/\/www.avafin.es\/"},{"@type":"ListItem","position":2,"name":"Ahorro","item":"https:\/\/www.avafin.es\/blog\/ahorro"},{"@type":"ListItem","position":3,"name":"Crisis de los 30 a\u00f1os: c\u00f3mo afrontarla"}]},{"@type":"WebSite","@id":"https:\/\/www.avafin.es\/ca\/#website","url":"https:\/\/www.avafin.es\/ca\/","name":"AvaFin Espanya","description":"","potentialAction":[{"@type":"SearchAction","target":{"@type":"EntryPoint","urlTemplate":"https:\/\/www.avafin.es\/ca\/?s={search_term_string}"},"query-input":{"@type":"PropertyValueSpecification","valueRequired":true,"valueName":"search_term_string"}}],"inLanguage":"ca"},{"@type":"Person","@id":"https:\/\/www.avafin.es\/ca\/#\/schema\/person\/2955e74f3626e82f06ef36d98ecdc878","name":"Alejandra Rangel","pronouns":"Ella","image":{"@type":"ImageObject","inLanguage":"ca","@id":"https:\/\/www.avafin.es\/ca\/#\/schema\/person\/image\/","url":"https:\/\/www.avafin.es\/wp-content\/uploads\/2026\/04\/cropped-cropped-Alejandra-Rangel-Avafin-2-96x96.png","contentUrl":"https:\/\/www.avafin.es\/wp-content\/uploads\/2026\/04\/cropped-cropped-Alejandra-Rangel-Avafin-2-96x96.png","caption":"Alejandra Rangel"},"description":"Experta en pr\u00e9stamos personales, financiaci\u00f3n online e investigaci\u00f3n de mercado. Con a\u00f1os de experiencia en la industria financiera, analiza las necesidades de los consumidores para desarrollar contenidos \u00fatiles, fiables y actualizados. En AvaFin, comparte informaci\u00f3n sobre cr\u00e9ditos online, salud financiera y tendencias del mercado, con el objetivo de ayudarte a tomar decisiones financieras mejor informadas.","sameAs":["http:\/\/www.avafin.es","https:\/\/www.facebook.com\/profile.php?id=61569520036083&locale=es_ES","https:\/\/www.instagram.com\/avafines\/","https:\/\/x.com\/https:\/\/x.com\/AvafinEs"],"url":"https:\/\/www.avafin.es\/ca\/blog\/author\/alejandra"},{"@type":"Question","@id":"https:\/\/www.avafin.es\/ca\/bloc\/crisi-dels-30#faq-question-1756464377040","position":1,"url":"https:\/\/www.avafin.es\/ca\/bloc\/crisi-dels-30#faq-question-1756464377040","name":"Qu\u00e8 causa la crisi dels 30?","answerCount":1,"acceptedAnswer":{"@type":"Answer","text":"La principal causa es el <strong>choque entre expectativas y realidad<\/strong>: no haber alcanzado una estabilidad laboral, econ\u00f3mica o familiar como se hab\u00eda proyectado. A ello se suman <strong>presiones <\/strong>sociales, familiares y <strong>comparaciones<\/strong> con los dem\u00e1s, muchas veces amplificadas por las <strong>redes sociales<\/strong>.","inLanguage":"ca"},"inLanguage":"ca"},{"@type":"Question","@id":"https:\/\/www.avafin.es\/ca\/bloc\/crisi-dels-30#faq-question-1756464386827","position":2,"url":"https:\/\/www.avafin.es\/ca\/bloc\/crisi-dels-30#faq-question-1756464386827","name":"Com es manifesta la crisi dels 30?","answerCount":1,"acceptedAnswer":{"@type":"Answer","text":"Se reconoce por sentimientos de i<strong>nsatisfacci\u00f3n<\/strong>, bloqueo y <strong>estancamiento <\/strong>que generan <strong>malestar psicol\u00f3gico<\/strong>. Estos pueden acompa\u00f1arse de <strong>ansiedad<\/strong>, pensamientos negativos y <strong>h\u00e1bitos poco saludables<\/strong> que empeoran la sensaci\u00f3n de crisis.","inLanguage":"ca"},"inLanguage":"ca"},{"@type":"Question","@id":"https:\/\/www.avafin.es\/ca\/bloc\/crisi-dels-30#faq-question-1756464397435","position":3,"url":"https:\/\/www.avafin.es\/ca\/bloc\/crisi-dels-30#faq-question-1756464397435","name":"Com afrontar la crisi dels 30?","answerCount":1,"acceptedAnswer":{"@type":"Answer","text":"Lo m\u00e1s eficaz es aceptar la situaci\u00f3n y <strong>poner el foco en lo que s\u00ed depende de uno mismo<\/strong>: cuidarse f\u00edsica y emocionalmente, fijar objetivos realistas y dar peque\u00f1os pasos hacia ellos. El <strong>apoyo<\/strong> de familiares, amigos o profesionales puede ser tambi\u00e9n clave en este proceso.","inLanguage":"ca"},"inLanguage":"ca"},{"@type":"Question","@id":"https:\/\/www.avafin.es\/ca\/bloc\/crisi-dels-30#faq-question-1756464413979","position":4,"url":"https:\/\/www.avafin.es\/ca\/bloc\/crisi-dels-30#faq-question-1756464413979","name":"\u00c9s normal sentir la crisi dels 30?","answerCount":1,"acceptedAnswer":{"@type":"Answer","text":"S\u00ed, es un <strong>fen\u00f3meno com\u00fan<\/strong> y no debe verse como una debilidad. Al contrario, puede entenderse como un <strong>signo de madurez<\/strong>, y suponer una oportunidad de replantear prioridades para <strong>crecer personalmente<\/strong> y orientar mejor nuestra vida.","inLanguage":"ca"},"inLanguage":"ca"}]}},"jetpack_publicize_connections":[],"featured_media_link":"https:\/\/www.avafin.es\/wp-content\/uploads\/2025\/08\/Crisis-de-los-30-768x543.jpg","category":{"color":"#010440","link":"https:\/\/www.avafin.es\/ca\/bloc\/estalvi","text":"Ahorro"},"_links":{"self":[{"href":"https:\/\/www.avafin.es\/ca\/wp-json\/wp\/v2\/posts\/6479","targetHints":{"allow":["GET"]}}],"collection":[{"href":"https:\/\/www.avafin.es\/ca\/wp-json\/wp\/v2\/posts"}],"about":[{"href":"https:\/\/www.avafin.es\/ca\/wp-json\/wp\/v2\/types\/post"}],"author":[{"embeddable":true,"href":"https:\/\/www.avafin.es\/ca\/wp-json\/wp\/v2\/users\/32"}],"replies":[{"embeddable":true,"href":"https:\/\/www.avafin.es\/ca\/wp-json\/wp\/v2\/comments?post=6479"}],"version-history":[{"count":1,"href":"https:\/\/www.avafin.es\/ca\/wp-json\/wp\/v2\/posts\/6479\/revisions"}],"predecessor-version":[{"id":8921,"href":"https:\/\/www.avafin.es\/ca\/wp-json\/wp\/v2\/posts\/6479\/revisions\/8921"}],"wp:featuredmedia":[{"embeddable":true,"href":"https:\/\/www.avafin.es\/ca\/wp-json\/wp\/v2\/media\/6503"}],"wp:attachment":[{"href":"https:\/\/www.avafin.es\/ca\/wp-json\/wp\/v2\/media?parent=6479"}],"wp:term":[{"taxonomy":"category","embeddable":true,"href":"https:\/\/www.avafin.es\/ca\/wp-json\/wp\/v2\/categories?post=6479"},{"taxonomy":"post_tag","embeddable":true,"href":"https:\/\/www.avafin.es\/ca\/wp-json\/wp\/v2\/tags?post=6479"}],"curies":[{"name":"wp","href":"https:\/\/api.w.org\/{rel}","templated":true}]}}