{"id":6227,"date":"2025-07-10T16:00:55","date_gmt":"2025-07-10T14:00:55","guid":{"rendered":"https:\/\/www.avafin.es\/?p=6227"},"modified":"2025-12-01T14:01:52","modified_gmt":"2025-12-01T12:01:52","slug":"ajudes-per-a-aturats-2","status":"publish","type":"post","link":"https:\/\/www.avafin.es\/ca\/bloc\/ajudes-per-a-aturats-2","title":{"rendered":"Ajuts per a aturats: tots els que hi ha el 2025"},"content":{"rendered":"<p>Quedar-se a <strong>atur <\/strong>\u00e9s una situaci\u00f3 dif\u00edcil, i comporta entrar en una etapa de <strong>incertesa <\/strong>fins que s&#039;aconsegueix una nova feina.<\/p>\n\n\n\n<p>Les <strong>ajudes per a aturats<\/strong> que atorga el <strong>SEPE<\/strong> (Servei P\u00fablic d&#039;Ocupaci\u00f3 Estatal) permeten mitigar en part la crua realitat de no tenir feina, en proporcionar <strong>suport econ\u00f2mic<\/strong> mentre no s&#039;aconsegueix l&#039;anhelada reinserci\u00f3 laboral.<\/p>\n\n\n\n<p>En aquest contingut explicarem tot el que es pot necessitar saber sobre les <strong>diferents ajudes existents per a aturats<\/strong>:<\/p>\n\n\n\n<ul class=\"wp-block-list\">\n<li><strong>Prestacions contributives<\/strong> per a treballadors que han cotitzat a la seguretat social prou per cobrar una aturada proporcional al per\u00edode treballat.<\/li>\n\n\n\n<li><strong>Subsidis per a aturats<\/strong> que no poden cobrar una prestaci\u00f3 contributiva: un \u00e0mbit en qu\u00e8 tenim<strong> novetats<\/strong>, en haver-se concentrat els preexistents a <strong>4 tipus<\/strong>: per <strong>esgotament de prestacions <\/strong>(aqu\u00ed entrarien altres com les ajudes a aturats de llarga durada de 30 a 55 anys), per <strong>insufici\u00e8ncia de cotitzaci\u00f3<\/strong>, per a majors de <strong>52 anys<\/strong> i per a v\u00edctimes de <strong>viol\u00e8ncia <\/strong>de g\u00e8nere, sexual o intrafamiliar.<\/li>\n\n\n\n<li><strong>Requisits i documentaci\u00f3<\/strong> que es demanen per accedir i mantenir les diferents ajudes per a desocupats, tant la prestaci\u00f3 contributiva com els diferents subsidis.<\/li>\n\n\n\n<li>Possibilitat de <strong>compatibilitza<\/strong>r prestacions, subsidis i ajudes amb un <strong>treball<\/strong>, incloent el recentment aprovat <strong>Complement de Suport a l&#039;Ocupaci\u00f3<\/strong>.<\/li>\n<\/ul>\n\n\n\n<p>Tamb\u00e9 proporcionarem <strong>informaci\u00f3 de molta ajuda<\/strong> per manejar-se a la <strong>oficina d&#039;ocupaci\u00f3<\/strong>, amb la vista posada a la <a href=\"https:\/\/elpais.com\/economia\/2025-06-29\/colapso-en-el-sepe-la-dificil-mision-de-conseguir-cita-para-la-prestacion-por-desempleo.html\"><strong>situaci\u00f3 de col\u00b7lapse<\/strong><\/a> que es viu a algunes zones especialment tensionades.<\/p>\n\n\n\n<p>Aix\u00ed mateix, et recomanem aquest altre contingut que escrivim sobre <a href=\"https:\/\/www.avafin.es\/ca\/bloc\/descomptes-per-estar-a-latur\/\"><strong>descomptes disponibles per estar a l&#039;atur<\/strong><\/a>, des de<strong> transport<\/strong> fins i tot en el pagament de determinades <strong>taxes municipals<\/strong>, al marge ja del <strong>acc\u00e9s a gratu\u00eft a formaci\u00f3<\/strong> que es pot obtenir.<\/p>\n\n\n\n<p>All\u00e0 anem amb tot!<\/p>\n\n\n\n<h2 class=\"wp-block-heading\">Ajuts per a aturats: difer\u00e8ncies clau de concepte<\/h2>\n\n\n\n<p>Podem establir-ne una <strong>distinci\u00f3 essencial<\/strong> entre:<\/p>\n\n\n\n<ul class=\"wp-block-list\">\n<li><strong>Prestaci\u00f3 contributiva<\/strong>: ajuda per a desocupats ordin\u00e0ria que aplica sobre la base del compliment d&#039;uns criteris de <strong>cotitzaci\u00f3 pr\u00e8via<\/strong>.<\/li>\n\n\n\n<li><strong>Subsidis per a aturats<\/strong>: quan <strong>no es pot cobrar la prestaci\u00f3 contributiva<\/strong> (ja sigui per no complir criteris d&#039;acc\u00e9s o per esgotament), pot existir la possibilitat d&#039;obtenir alguna de les <strong>ajudes econ\u00f2miques que ofereix el SEPE als aturats<\/strong>: subsidi per insufici\u00e8ncia de cotitzaci\u00f3, per esgotament de prestaci\u00f3 contributiva, per a majors de 52 anys, etc.<\/li>\n<\/ul>\n\n\n\n<p>Expliquem en detall tot sobre cadascun dels ajuts econ\u00f2mics per a aturats en els <strong>seg\u00fcents apartats<\/strong>.<\/p>\n\n\n\n<h2 class=\"wp-block-heading\">Prestaci\u00f3 contributiva per atur (l&#039;atur)<\/h2>\n\n\n\n<p>Quan alg\u00fa <strong>perd la feina de manera involunt\u00e0ria<\/strong> a Espanya t\u00e9 dret a cobrar el que comunament es coneix com a &#039;<strong>l&#039;atur<\/strong>&#039;. Aix\u00f2 \u00e9s l&#039;ajuda per a aturats que entraria dins de la categoritzaci\u00f3 del <strong>SEPE de prestacions<\/strong> <strong>contributives<\/strong>, at\u00e8s que mentre que es va estar treballant es va cotitzar obligat\u00f2riament a la <strong>seguretat social<\/strong>, descomptant una part de la n\u00f2mina per a l&#039;eventualitat de poder perdre la feina.<\/p>\n\n\n\n<p>Per tenir <strong>dret a cobrar<\/strong> la <a href=\"https:\/\/www.sepe.es\/HomeSepe\/es\/prestaciones-desempleo\/prestacion-contributiva.html\"><strong>prestaci\u00f3 contributiva de desocupaci\u00f3<\/strong><\/a> \u00e9s imprescindible:<\/p>\n\n\n\n<ul class=\"wp-block-list\">\n<li>Que la p\u00e8rdua del treball <strong>no hagi estat volunt\u00e0ria<\/strong>, i s\u00ed per acomiadament, no renovaci\u00f3 del contracte o inclusi\u00f3 en un expedient de regulaci\u00f3 docupaci\u00f3.<\/li>\n\n\n\n<li>Haver acumulat <strong>360 dies de cotitzaci\u00f3<\/strong> (un any de treball) en els darrers sis anys de <strong>vida laboral<\/strong>.<\/li>\n\n\n\n<li>Estar inscrit <strong>com a demandant d&#039;ocupaci\u00f3<\/strong> a una oficina del servei p\u00fablic d&#039;ocupaci\u00f3.<\/li>\n<\/ul>\n\n\n\n<p>I <strong>quant es cobra estant a l&#039;atur<\/strong>? Doncs durant els <strong>sis primers mesos <\/strong>es percep el <strong>70% de la base reguladora<\/strong>, ia partir del<strong> set\u00e8<\/strong> el <strong>70%<\/strong> d&#039;aquest indicador, calculat a partir d&#039;un <strong>mitjana entre les bases de cotitzaci\u00f3 a la seguretat social<\/strong> per conting\u00e8ncies professionals dels \u00faltims <strong>180 dies<\/strong>.<\/p>\n\n\n\n<p>Encara que sembli un c\u00e0lcul una mica complicat, pots obtenir-lo f\u00e0cilment si et fixes en els teus <strong>\u00faltimes sis n\u00f2mines<\/strong>, apuntes la <strong>quantitat que es desglossa <\/strong>per aquest concepte a cadascuna d&#039;elles i fas la <strong>mitjana<\/strong>.<\/p>\n\n\n\n<p>Aix\u00f2 s\u00ed, tingues en compte que n&#039;hi hauria uns <strong>llindars m\u00ednims i m\u00e0xims<\/strong> a percebre que es referencien al <a href=\"https:\/\/www.avafin.es\/ca\/bloc\/iprem\/\"><strong>IPREM<\/strong><\/a>, i que varien tamb\u00e9 segons la <strong>situaci\u00f3 familiar<\/strong> de l&#039;aturat.<\/p>\n\n\n\n<p>Aix\u00ed, a <strong>2025<\/strong> tindr\u00edem les seg\u00fcents <strong>quantitats m\u00e0ximes mensuals<\/strong> en la prestaci\u00f3 contributiva del SEPE:<\/p>\n\n\n\n<ul class=\"wp-block-list\">\n<li>Amb dos o m\u00e9s fills: 1.575 euros<\/li>\n\n\n\n<li>Amb un fill: 1.400 euros<\/li>\n\n\n\n<li>Sense fills: 1.225 euros<\/li>\n<\/ul>\n\n\n\n<p>Per descomptat, es podrien assolir aquestes quantitats sempre que vagin en conson\u00e0ncia amb les <strong>condicions salarials<\/strong> gaudides a l&#039;empresa, considerant que es calcula amb la <strong>base reguladora de la n\u00f2mina<\/strong> dels darrers 180 dies, per cobrar un 70% els primers sis mesos i un 60% els seg\u00fcents.<\/p>\n\n\n\n<p>Pel que fa a les <strong>quanties m\u00ednimes de la prestaci\u00f3 contributiva<\/strong>, que corresponen sempre a treballs a jornada parcial, tindr\u00edem:<\/p>\n\n\n\n<ul class=\"wp-block-list\">\n<li>Prestaci\u00f3 contributiva m\u00ednima sense fills: 560 euros.<\/li>\n\n\n\n<li>Prestaci\u00f3 contributiva m\u00ednima amb un o m\u00e9s fills: 749 euros.<\/li>\n<\/ul>\n\n\n\n<p>Pel que fa a la <strong>durada de l&#039;atur<\/strong>, dependr\u00e0 del <strong>temps cotitzat<\/strong> a la seguretat social als <strong>darrers 6 anys<\/strong>. Com m\u00e9s hagis cotitzat, m\u00e9s temps podr\u00e0s cobrar la prestaci\u00f3.<\/p>\n\n\n\n<p>A continuaci\u00f3, recopilem els <strong>trams oficials del SEPE<\/strong>, amb el nombre de dies cotitzats i el temps de cobrament d&#039;atur que correspondria, tant en dies com en mesos per facilitar els c\u00e0lculs:<\/p>\n\n\n\n<figure class=\"wp-block-table\"><table class=\"has-fixed-layout\"><tbody><tr><td>Dies cotitzats<\/td><td>Dies de prestaci\u00f3<\/td><td>Mesos aproximats<\/td><\/tr><tr><td>360 a 539 dies<\/td><td>120 dies<\/td><td>4 mesos<\/td><\/tr><tr><td>540 a 719 dies<\/td><td>180 dies<\/td><td>6 mesos<\/td><\/tr><tr><td>720 a 899 dies<\/td><td>240 dies<\/td><td>8 mesos<\/td><\/tr><tr><td>900 a 1.079 dies<\/td><td>300 dies<\/td><td>10 mesos<\/td><\/tr><tr><td>1.080 a 1.259 dies<\/td><td>360 dies<\/td><td>12 mesos<\/td><\/tr><tr><td>1.260 a 1.439 dies<\/td><td>420 dies<\/td><td>14 mesos<\/td><\/tr><tr><td>1.440-1.619 dies<\/td><td>480 dies<\/td><td>16 mesos<\/td><\/tr><tr><td>1.620 a 1.799 dies<\/td><td>540 dies<\/td><td>18 mesos<\/td><\/tr><tr><td>1.800-1.979 dies<\/td><td>600 dies<\/td><td>20 mesos<\/td><\/tr><tr><td>1.980 a 2.159 dies<\/td><td>660 dies<\/td><td>22 mesos<\/td><\/tr><tr><td>M\u00e9s de 2.160 dies (6anys)<\/td><td>720 dies<\/td><td>24 mesos (m\u00e0xim)<\/td><\/tr><\/tbody><\/table><\/figure>\n\n\n\n<p><strong><em>Font: <\/em><\/strong><em>Elaboraci\u00f3 pr\u00f2pia a partir de <\/em><a href=\"https:\/\/www.sepe.es\/HomeSepe\/es\/prestaciones-desempleo\/duracion-prestacion-contributiva.html\"><strong><em>informaci\u00f3 oficial del SEPE<\/em><\/strong><\/a>.<\/p>\n\n\n\n<h2 class=\"wp-block-heading\">Requisits i tr\u00e0mits per sol\u00b7licitar la prestaci\u00f3 per desocupaci\u00f3<\/h2>\n\n\n\n<p>Per tenir dret a la prestaci\u00f3 contributiva per desocupaci\u00f3 cal complir una s\u00e8rie de condicions. Molts requisits els acabem d&#039;avan\u00e7ar, la<strong> relaci\u00f3 completa<\/strong> de tots ells explicats seria:<\/p>\n\n\n\n<ul class=\"wp-block-list\">\n<li>Trobar-se <strong>legalment en situaci\u00f3 d&#039;atur<\/strong>, \u00e9s a dir, sense feina per causa for\u00e7osa, no per haver desistit de l&#039;ocupaci\u00f3. Els quatre \u00fanics sup\u00f2sits que s&#039;admeten s\u00f3n el <strong>acomiadament<\/strong> (encara que sigui disciplinari), no superar el <strong>per\u00edode de prova<\/strong>, la finalitzaci\u00f3 d&#039;un <strong>contracte temporal<\/strong>, i la inclusi\u00f3 en un <strong>ERO<\/strong> o <strong>ERT.<\/strong><\/li>\n\n\n\n<li>Estar donat d&#039;alta a la <strong>seguretat social<\/strong>.<\/li>\n\n\n\n<li>Haver acumulat com <strong>m\u00ednim 360 dies cotitzats<\/strong> dins dels <strong>sis anys <\/strong>anteriors a la sol\u00b7licitud.<\/li>\n\n\n\n<li>No tenir edat per a la <strong>jubilaci\u00f3 ordin\u00e0ria<\/strong>.<\/li>\n<\/ul>\n\n\n\n<p>Pel que fa a la <strong>documentaci\u00f3 necess\u00e0ria per tramitar<\/strong> l&#039;atur, tindr\u00edem per una banda la que ha de <strong>aportar el sol\u00b7licitant<\/strong>:<\/p>\n\n\n\n<ul class=\"wp-block-list\">\n<li><strong>Document identificatiu<\/strong> (DNI o NIE en vigor).<\/li>\n\n\n\n<li>Formulari oficial de <strong>sol\u00b7licitud de prestaci\u00f3<\/strong>.<\/li>\n\n\n\n<li>Declaraci\u00f3 de <strong>comprom\u00eds d&#039;activitat<\/strong>, per buscar una nova feina.<\/li>\n\n\n\n<li>Model de <strong>domiciliaci\u00f3 banc\u00e0ria<\/strong> (per rebre l&#039;ingr\u00e9s).<\/li>\n\n\n\n<li>Declaraci\u00f3 de dades al pagador<\/li>\n\n\n\n<li>Autoritzaci\u00f3 per verificar dades amb <strong>Hisenda<\/strong>.<\/li>\n<\/ul>\n\n\n\n<p>La <strong>empresa que acomiada<\/strong>, per la seva banda, ha de brindar <strong>pel seu compte<\/strong>:<\/p>\n\n\n\n<ul class=\"wp-block-list\">\n<li><strong>Certificat d&#039;empresa<\/strong>, que justifica l&#039;extinci\u00f3 de la relaci\u00f3 laboral.<\/li>\n\n\n\n<li><strong>Carta d&#039;acomiadament<\/strong>, de fi de contracte o resoluci\u00f3 d&#039;ERE\/ERTE.<\/li>\n\n\n\n<li><strong>C\u00f2pia del contracte<\/strong> i de la <strong>darrera n\u00f2mina<\/strong>.<\/li>\n\n\n\n<li>Document que justifiqui els <strong>darrers 180 dies cotitzats<\/strong>.<\/li>\n<\/ul>\n\n\n\n<p>Eventualment, tamb\u00e9 podria sol\u00b7licitar-se el <strong>llibre de fam\u00edlia <\/strong>per accedir a les <strong>prestacions millorades<\/strong> quan hi ha fills a c\u00e0rrec, aix\u00ed com qualsevol altra documentaci\u00f3 que pugui ser rellevant per al cas particular.<\/p>\n\n\n\n<p>Dels documents que no ha de portar el treballador, el m\u00e9s important \u00e9s el <strong>certificat d&#039;empresa<\/strong>, ja que \u00e9s on es demostra la <strong>finalitzaci\u00f3<\/strong> de la relaci\u00f3 laboral i les <strong>causes<\/strong> que la motiven.<\/p>\n\n\n\n<p>L&#039;empresa ho ha d&#039;emetre i <strong>fer-ho arribar al SEPE<\/strong>, una cosa que habitualment es realitza per <strong>via telem\u00e0tica<\/strong>, amb l&#039;objectiu d&#039;agilitzar-ne la tramitaci\u00f3. Per assegurar que no hi ha problemes amb aquest document clau, el treballador t\u00e9 dret a sol\u00b7licitar-ne una <strong>c\u00f2pia al departament de Recursos Humans<\/strong> si fos necessari.<\/p>\n\n\n\n<p>Per a la <strong>sol\u00b7licitud de la prestaci\u00f3<\/strong> \u00e9s recomanable <strong>demanar cita a l&#039;oficina d&#039;ocupaci\u00f3<\/strong> m\u00e9s propera al domicili quan es <strong>notifiqueu oficialment l&#039;extinci\u00f3 de la relaci\u00f3 laboral<\/strong>, encara que encara no s&#039;hagi reunit la documentaci\u00f3, ja que actualment s&#039;afronta un considerable <strong>col\u00b7lapse<\/strong> per aconseguir-la, i aplica un termini de tramitaci\u00f3 de <strong>15 dies h\u00e0bils<\/strong> (exceptuant, dissabtes, diumenges i festius), que comencen a comptar a partir del <strong>\u00faltim dia treballat<\/strong> oa la finalitzaci\u00f3 de les <strong>vacances<\/strong>, en cas que aquestes no s&#039;hagin incl\u00f2s al <a href=\"https:\/\/www.avafin.es\/ca\/bloc\/calcular-liquidacio-amb-pagues-prorratejades\/\"><strong>liquidaci\u00f3<\/strong><\/a>.<\/p>\n\n\n\n<p>La <strong>gesti\u00f3<\/strong> per a l&#039;obtenci\u00f3 de la prestaci\u00f3 tamb\u00e9 es pot fer <strong>en l\u00ednia<\/strong>, per\u00f2 per la complexitat del tr\u00e0mit i la import\u00e0ncia que t\u00e9 moltes persones prefereixen fer-ho de <strong>manera presencial<\/strong>. En qualsevol cas, aqu\u00ed va un <a href=\"https:\/\/www.youtube.com\/watch?v=u54za1Or1wQ\"><strong>v\u00eddeo oficial del SEPE<\/strong><\/a> amb una <strong>guia<\/strong> per fer-ho <strong>telem\u00e0ticament<\/strong>.<\/p>\n\n\n\n<p>Tingues en compte que la <strong>concessi\u00f3<\/strong> de la prestaci\u00f3 va lligada a una <strong>demanda d&#039;ocupaci\u00f3<\/strong>, un document que es <strong>segella obligat\u00f2riament cada 90 dies <\/strong>per <strong>mantenir activa<\/strong> la inscripci\u00f3 com a demandant i, per tant, la <strong>prestaci\u00f3<\/strong>. Aquest tr\u00e0mit es pot efectuar tamb\u00e9 tant presencialment com en l\u00ednia.<\/p>\n\n\n\n<h2 class=\"wp-block-heading\">Subsidis per desocupaci\u00f3 el 2025<\/h2>\n\n\n\n<p>Els <strong>subsidis per atur<\/strong> s\u00f3n les <strong>ajudes del SEPE<\/strong> per a aturats que no <strong>puguin cobrar la prestaci\u00f3 contributiva<\/strong>, ja sigui per no complir els requisits o haver-la esgotat. A m\u00e9s, es distingeixen per apuntar a diferents perfils de persones a l&#039;atur, per la qual cosa existeixen <strong>diverses modalitats<\/strong> com que no es tracta d&#039;una ajuda general d&#039;acc\u00e9s universal per a aturats sense prestaci\u00f3.<\/p>\n\n\n\n<p>En l&#039;\u00e0mbit d&#039;aquestes <strong>ajudes per a atur<\/strong> hi ha hagut <strong>moltes novetats <\/strong>en els darrers temps. Per no confondre&#039;t, valora que nosaltres t&#039;oferim aquesta informaci\u00f3 actualitzada a <strong>juliol de 2025<\/strong>. D&#039;aqu\u00ed que et puguis trobar en altres publicacions que et parlen d&#039;altres <strong>subsidis<\/strong> que ja <strong>no estan en vigor<\/strong>, i ometen tamb\u00e9 els daprovaci\u00f3 m\u00e9s recent.<\/p>\n\n\n\n<p>Fet aquest advertiment, els <strong>subsidis per atur vigents<\/strong> ara mateix serien:<\/p>\n\n\n\n<ul class=\"wp-block-list\">\n<li><strong>Subsidi per esgotament de prestaci\u00f3 contributiva:<\/strong>&nbsp;adre\u00e7at als que ja han consumit l&#039;atur. T\u00e9 una quantia fixa mensual i una durada limitada. Dins aquesta categoria estaria tamb\u00e9 la <a href=\"https:\/\/andaluciainforma.eldiario.es\/prestaciones\/sepe-lanza-un-subsidio-de-hasta-570-e-para-desempleados-de-30-a-55-sin-prestacion\/\"><strong>nova ajuda per a aturats de llarga durada entre 30 i 55 anys<\/strong><\/a> del SEPE recent aprovada.<\/li>\n\n\n\n<li><strong>Subsidi per insufici\u00e8ncia de cotitzaci\u00f3:<\/strong>&nbsp;per als qui no han cotitzat prou per accedir a la prestaci\u00f3 contributiva ordin\u00e0ria.<\/li>\n\n\n\n<li><strong>Subsidi per a majors de 52 anys:<\/strong>&nbsp;pot <strong>estendre&#039;s fins a l&#039;edat de jubilaci\u00f3<\/strong>, i possibilita continuar cotitzant per a la <strong>pensi\u00f3<\/strong>.<\/li>\n\n\n\n<li><strong>Subsidi per a v\u00edctimes de viol\u00e8ncia:<\/strong>&nbsp;orientat a col\u00b7lectius que han patit viol\u00e8ncia de g\u00e8nere, sexual o intrafamiliar.<\/li>\n<\/ul>\n\n\n\n<p>Al fil del que coment\u00e0vem abans sobre la <a href=\"https:\/\/www.larazon.es\/economia\/estos-son-cuatro-subsidios-sepe-que-desapareceran-noviembre_2024081266ba2bd176ed0d000175989b.html\"><strong>actualitzaci\u00f3 d&#039;aquests subsidis del SEPE<\/strong><\/a>, en nom de la simplificaci\u00f3 es van agrupar en els <strong>quatre tipus referits<\/strong>, de manera que, per exemple, el <strong>subsidi per a emigrants retornats<\/strong> i el de <strong>majors de 45 anys sense c\u00e0rregues familiars<\/strong> van quedar englobats al de cotitzaci\u00f3 insuficient.<\/p>\n\n\n\n<p>Aix\u00ed mateix, han desaparegut la <strong>Renda Activa d&#039;Inserci\u00f3<\/strong> (RAI), encara que la poden cobrar els qui la <strong>tinguessin reconeguda<\/strong> abans de <a href=\"https:\/\/www.sepe.es\/HomeSepe\/es\/prestaciones-desempleo\/si-tengo-subsidio-rai-antes-noviembre-2024.html\"><strong>novembre de 2024<\/strong><\/a>, i el Subsidi Extraordinari per Atur (<strong>SET<\/strong>). En ambd\u00f3s casos aquestes ajudes passen a ser cobertes pel <strong>Ingr\u00e9s M\u00ednim Vital<\/strong> (IMV), igual que el subsidi preexistent per a la inserci\u00f3 de persones alliberades de pres\u00f3.<\/p>\n\n\n\n<p>Pel que fa a la <strong>quantia dels subsidis vigents<\/strong> actualment, tenim:<\/p>\n\n\n\n<ul class=\"wp-block-list\">\n<li><strong>Majors de 52 anys<\/strong>: quantitat fixa referenciada al <strong>80% de l&#039;IPREM<\/strong>, que per al 2025 \u00e9s de 600 euros, pel que parlem de <strong>480 euros mensuals<\/strong>.<\/li>\n\n\n\n<li><strong>Resta de subsidis<\/strong>: durant els 6 primers mesos es cobra el <strong>95% de l&#039;IPREM<\/strong> (570 euros), els 6 seg\u00fcents es redueix <strong>al 90%<\/strong> (540 euros) i en complir un any passa al <strong>80% <\/strong>d\u201faquest indicador, que s\u201factualitza en aprovar-se nous pressupostos generals de l\u201fEstat.<\/li>\n<\/ul>\n\n\n\n<h2 class=\"wp-block-heading\">Requisits i tr\u00e0mits per sol\u00b7licitar els diferents subsidis per desocupaci\u00f3<\/h2>\n\n\n\n<p>A continuaci\u00f3, et referim la <strong>informaci\u00f3 oficial del SEPE<\/strong> sobre els requisits i tr\u00e0mits requerits per <strong>cada tipus de subsidi<\/strong> que hem vist:<\/p>\n\n\n\n<ul class=\"wp-block-list\">\n<li><strong>Subsidi d&#039;atur per esgotament de prestaci\u00f3 contributiva<\/strong>: et deixem <a href=\"https:\/\/www.sepe.es\/HomeSepe\/es\/prestaciones-desempleo\/subsidio-desempleo\/subsidio-agotamiento-prestacion-contributiva.html\"><strong>link al SEPE<\/strong><\/a><strong> <\/strong>amb <strong>condicions d&#039;acc\u00e9s i documentaci\u00f3 necess\u00e0ria<\/strong>.<\/li>\n\n\n\n<li><strong>Subsidi per insufici\u00e8ncia de cotitzacions<\/strong>: aqu\u00ed est\u00e0 el <a href=\"https:\/\/www.sepe.es\/HomeSepe\/es\/prestaciones-desempleo\/subsidio-desempleo\/subsidio-cotizaciones-insuficientes-he-trabajado-menos-de-un-anyo.html\"><strong>link al SEPE<\/strong><\/a> amb condicions dacc\u00e9s i documentaci\u00f3 necess\u00e0ria.<\/li>\n\n\n\n<li><strong>Subsidi per a majors 52 anys<\/strong>: aqu\u00ed va <a href=\"https:\/\/www.sepe.es\/HomeSepe\/es\/prestaciones-desempleo\/subsidio-desempleo\/tengo-mas-de-52.html\"><strong>link al SEPE<\/strong><\/a> amb condicions dacc\u00e9s i documentaci\u00f3 requerida.<\/li>\n\n\n\n<li><strong>Subsidi per a persones v\u00edctimes de viol\u00e8ncia de g\u00e8nere, sexual o intrafamiliar<\/strong>: <a href=\"https:\/\/www.sepe.es\/HomeSepe\/es\/prestaciones-desempleo\/subsidio-desempleo\/victimas-violencia-genero-o-sexual.html\"><strong>link al SEPE<\/strong><\/a> amb condicions dacc\u00e9s i documentaci\u00f3 precisa.<\/li>\n<\/ul>\n\n\n\n<p>Per a la <strong>gesti\u00f3 en l\u00ednia <\/strong>de la sol\u00b7licitud de qualsevol d&#039;aquests subsidis pots orientar-te tamb\u00e9 per aquesta <a href=\"https:\/\/www.youtube.com\/watch?v=u54za1Or1wQ\"><strong>videoguia oficial<\/strong><\/a>.<\/p>\n\n\n\n<h2 class=\"wp-block-heading\">Possibilitat de compatibilitzar cobrament de l&#039;atur i del treball: complement de suport a l&#039;ocupaci\u00f3<\/h2>\n\n\n\n<p>Tradicionalment, es podia compatibilitzar el cobrament de la prestaci\u00f3 per desocupaci\u00f3 si es tractava d&#039;un <strong>nova feina a mitja jornada<\/strong>, en aquest cas el <strong>import <\/strong>percebut de l&#039;atur <strong>redu\u00efa a la meitat<\/strong>, fins que s&#039;exting\u00eds el dret a cobrar-lo si no variava la situaci\u00f3 del treballador a la nova empresa.<\/p>\n\n\n\n<p>No obstant aix\u00f2, recentment aquesta <strong>possibilitat s&#039;ha ampliat<\/strong> i <strong>flexibilitzat<\/strong>. Aix\u00ed, des de l&#039;1 d&#039;abril del 2025 el SEPE aplica el <a href=\"https:\/\/www.sepe.es\/HomeSepe\/es\/prestaciones-desempleo\/complemento-de-apoyo-empleo.html\"><strong>Complement de Suport a l&#039;Ocupaci\u00f3<\/strong><\/a>, per mantenir el cobrament de l&#039;atur o el subsidi malgrat tenir una feina, ja sigui a <strong>temps parcial o complet<\/strong>.<\/p>\n\n\n\n<p>Per accedir a aquesta compatibilitzaci\u00f3 cal portar <strong>almenys 10 mesos cobrant la prestaci\u00f3 contributiva<\/strong>, sempre que la durada total reconeguda arribi almenys als <a href=\"https:\/\/www.lasprovincias.es\/economia\/trabajo\/sepe-avisa-podra-compaginar-subsidio-paro-empleo-20250424003228-nt.html?ref=https%3A%2F%2Fwww.lasprovincias.es%2Feconomia%2Ftrabajo%2Fsepe-avisa-podra-compaginar-subsidio-paro-empleo-20250424003228-nt.html\"><strong>14 mesos<\/strong><\/a>. <strong>Altres requisits<\/strong> serien:<\/p>\n\n\n\n<ul class=\"wp-block-list\">\n<li>L&#039;ajuda addicional es pot mantenir durant un m\u00e0xim de <strong>180 dies<\/strong>.<\/li>\n\n\n\n<li>En feines a jornada completa, l&#039;import mensual del complement pot oscil\u00b7lar entre <strong>180 i 480 euros<\/strong>, en funci\u00f3 de l&#039;IPREM, les hores treballades i el temps que s&#039;ha aturat.<\/li>\n\n\n\n<li>En feines a temps parcial, l&#039;import mensual del complement es pot situar entre <strong>30 i 450 euros<\/strong>, tamb\u00e9 condicionat pels mateixos factors.<\/li>\n\n\n\n<li>En el cas d&#039;estar cobrant un <strong>subsidi<\/strong>, la compatibilitat amb el treball s&#039;est\u00e9n igualment fins <strong>180 dies<\/strong>, per\u00f2 amb quantitats que disminueixen progressivament cada mes.<\/li>\n\n\n\n<li>El salari brut mensual de la nova ocupaci\u00f3 <a href=\"https:\/\/www.elcorreo.com\/economia\/tu-economia\/sepe-permitira-compatibilizar-subsidio-trabajo-2250-euros-20250116172100-nt.html\"><strong>no pot superar els 2.250 euros<\/strong><\/a>, xifra que correspon al 375 % de l&#039;IPREM.<\/li>\n<\/ul>\n\n\n\n<p>Aquesta modalitat de compatibilitzaci\u00f3 <strong>no \u00e9s v\u00e0lida per a treballadors per compte propi<\/strong>, encara que no estiguin cotitzant al R\u00e8gim Especial d&#039;Aut\u00f2noms.<\/p>\n\n\n\n<p>Esperem que t&#039;hagi estat de <strong>molta utilitat<\/strong> aquest contingut sobre ajuts per a aturats. Et convidem de nou a fer una ullada a un altre post que publiquem sobre <a href=\"https:\/\/www.avafin.es\/ca\/bloc\/descomptes-per-estar-a-latur\/\"><strong>descomptes per a aturats<\/strong><\/a>, perqu\u00e8 sempre n&#039;hi ha molts que queden fora del radar i \u00e9s una informaci\u00f3 que ve molt b\u00e9 saber quan cal <strong>retallar despeses<\/strong>\u2026<\/p>\n\n\n\n<p>Recorda tamb\u00e9 que existeixen <strong>altres ajuts sol\u00b7licitables<\/strong>, des de per <a href=\"https:\/\/www.avafin.es\/ca\/bloc\/ajudes-families\/\"><strong>fam\u00edlies<\/strong><\/a><strong> <\/strong>fins i tot per<a href=\"https:\/\/www.avafin.es\/ca\/bloc\/ajudes-a-joves\/\"> <strong>joves<\/strong><\/a>. Igualment, si vols reduir despeses et poden interessar for\u00e7a els diversos continguts que hem publicat sobre <a href=\"https:\/\/www.avafin.es\/ca\/bloc\/estalvi\/\"><strong>estalvi<\/strong><\/a>.<\/p>\n\n\n\n<p>I no cal que et diguem que ens tens <strong>sempre aqu\u00ed pel que necessitis<\/strong>.<\/p>\n\n\n\n<h2 class=\"wp-block-heading\">Preguntes freq\u00fcents sobre ajuts per a aturats<\/h2>\n\n\n\n<div class=\"schema-faq wp-block-yoast-faq-block\"><div class=\"schema-faq-section\" id=\"faq-question-1752155404131\"><strong class=\"schema-faq-question\">Quina ajuda puc demanar si estic sense feina?<\/strong> <p class=\"schema-faq-answer\">Pots sol\u00b7licitar la <strong>prestaci\u00f3 contributiva per desocupaci\u00f3<\/strong> si has cotitzat almenys <strong>360 dies<\/strong>. Si no compleixes aquest requisit o ja has esgotat l&#039;atur, existeixen <strong>quatre tipus de subsidis disponibles el 2025<\/strong>:<br\/>-Subsidi per esgotament de prestaci\u00f3 contributiva (inclou ajuda per a aturats de llarga durada de 30 a 55 anys).<br\/>-Subsidi per insufici\u00e8ncia de cotitzaci\u00f3.<br\/>-Subsidi per a majors de 52 anys.<br\/>-Subsidi per a v\u00edctimes de viol\u00e8ncia de g\u00e8nere, sexual o intrafamiliar.<\/p> <\/div> <div class=\"schema-faq-section\" id=\"faq-question-1752155414479\"><strong class=\"schema-faq-question\">Qui t\u00e9 dret a cobrar lajuda de 480\u20ac?<\/strong> <p class=\"schema-faq-answer\">Els <strong>aturats majors de 52 anys<\/strong> que compleixin els <a href=\"https:\/\/www.sepe.es\/HomeSepe\/es\/prestaciones-desempleo\/subsidio-desempleo\/tengo-mas-de-52.html\"><strong>requisits<\/strong><\/a> del subsidi espec\u00edfic per a aquest grup.<\/p> <\/div> <div class=\"schema-faq-section\" id=\"faq-question-1752155437057\"><strong class=\"schema-faq-question\">Com saber si et correspon alguna ajuda del SEPE?<\/strong> <p class=\"schema-faq-answer\">Si has esgotat l&#039;atur i vols con\u00e8ixer si pots <strong>accedir a algun subsidi per desocupaci\u00f3<\/strong>, et pots orientar pel contingut d&#039;aquest post, i per saber-ho del cert haur\u00e0s de consultar-ho a la <a href=\"https:\/\/www.sepe.es\/HomeSepe\/prestaciones-desempleo.html\"><strong>seu electr\u00f2nica del SEPE<\/strong><\/a>.<\/p> <\/div> <div class=\"schema-faq-section\" id=\"faq-question-1752155447691\"><strong class=\"schema-faq-question\">Qui t\u00e9 dret a l&#039;ajuda de 500\u20ac del SEPE?<\/strong> <p class=\"schema-faq-answer\"><strong>No existeix<\/strong> una ajuda del SEPE de 500 euros com a tal, molts mitjans per arrodonir han anomenat aix\u00ed la de <strong>480 euros<\/strong> que est\u00e0 disponible per <strong>majors de 52 anys<\/strong> que compleixin els <a href=\"https:\/\/www.sepe.es\/HomeSepe\/es\/prestaciones-desempleo\/subsidio-desempleo\/tengo-mas-de-52.html\"><strong>requisits d&#039;acc\u00e9s<\/strong><\/a>.<\/p> <\/div> <div class=\"schema-faq-section\" id=\"faq-question-1752155459467\"><strong class=\"schema-faq-question\">Qui t\u00e9 dret a cobrar lajuda de 420\u20ac?<\/strong> <p class=\"schema-faq-answer\">L&#039;ajuda de<strong> 420 euros <\/strong>es va aprovar durant l&#039;anterior crisi econ\u00f2mica de <strong>2008 <\/strong>per <strong>aturats que n&#039;haguessin esgotat la prestaci\u00f3<\/strong>. Actualment hi ha un subsidi vigent per esgotament de prestaci\u00f3 l&#039;import del qual \u00e9s de <strong>570 euros<\/strong>, que passa a 540 transcorreguts 6 mesos ja<strong> 480 complert un any<\/strong>.<\/p> <\/div> <div class=\"schema-faq-section\" id=\"faq-question-1752155475659\"><strong class=\"schema-faq-question\">Qui t\u00e9 dret a lajuda de 1.000\u20ac?<\/strong> <p class=\"schema-faq-answer\">L&#039;ajut de 1.000 euros <strong>no \u00e9s una prestaci\u00f3 ni un subsidi per desocupaci\u00f3<\/strong>, sin\u00f3 una ajuda que atorga la seguretat social a fam\u00edlies nombroses, monoparentals o amb algun dels pares amb discapacitat igual o superior al 65%.<\/p> <\/div> <\/div>\n\n\n\n<h3 class=\"wp-block-heading has-text-align-center\" id=\"block-885bbf40-bf64-46f8-bcaf-e380e689d61a\">Est\u00e0s aturat i necessites diners?<\/h3>\n\n\n\n<div class=\"wp-block-group\"><div class=\"wp-block-group__inner-container is-layout-constrained wp-block-group-is-layout-constrained\">\n<p class=\"has-text-align-center\">Obtingues-ho avui amb AvaFin<\/p>\n\n\n\n<div style=\"margin: auto;\" class=\"flex flex-res\">\n<a id=\"av-get-loan\" class=\"btn btn-cta btn-lg force-data-base-url\" href=\"https:\/\/portal.avafin.es\/wp-registerCreditosi\" style=\"display: inline-block; margin: auto\">Sol\u00b7licitar<\/a>\n<\/div>\n<\/div><\/div>","protected":false},"excerpt":{"rendered":"<p>Quedar-se a l&#039;atur \u00e9s una situaci\u00f3 dif\u00edcil, i comporta entrar en una etapa d&#039;incertesa fins que s&#039;aconsegueix una nova feina. Les ajudes per a aturats que atorga el SEPE (Servei P\u00fablic d&#039;Ocupaci\u00f3 Estatal) permeten mitigar en part la crua realitat de no tenir feina, en proporcionar suport econ\u00f2mic mentre no s&#039;aconsegueix [\u2026]<\/p>","protected":false},"author":32,"featured_media":6228,"comment_status":"open","ping_status":"closed","sticky":false,"template":"","format":"standard","meta":{"_acf_changed":false,"footnotes":"","jetpack_publicize_message":"","jetpack_publicize_feature_enabled":true,"jetpack_social_post_already_shared":false,"jetpack_social_options":{"image_generator_settings":{"template":"highway","default_image_id":0,"font":"","enabled":false},"version":2}},"categories":[26,23],"tags":[],"class_list":["post-6227","post","type-post","status-publish","format-standard","has-post-thumbnail","hentry","category-ayudas","category-educacion-financiera"],"acf":[],"yoast_head":"<!-- This site is optimized with the Yoast SEO plugin v26.4 - https:\/\/yoast.com\/wordpress\/plugins\/seo\/ -->\n<title>Ayudas para desempleados: todas las que hay en 2025 | AvaFin Espa\u00f1a<\/title>\n<meta name=\"description\" content=\"Informamos sobre prestaciones contributivas y los distintos subsidios para desempleados, abordando cuant\u00edas, requisitos, tramitaci\u00f3n, etc.\" \/>\n<meta name=\"robots\" content=\"index, follow, max-snippet:-1, max-image-preview:large, max-video-preview:-1\" \/>\n<link rel=\"canonical\" href=\"https:\/\/www.avafin.es\/ca\/bloc\/ajudes-per-a-aturats-2\" \/>\n<meta property=\"og:locale\" content=\"ca_ES\" \/>\n<meta property=\"og:type\" content=\"article\" \/>\n<meta property=\"og:title\" content=\"Ayudas para desempleados: todas las que hay en 2025 | AvaFin Espa\u00f1a\" \/>\n<meta property=\"og:description\" content=\"Informamos sobre prestaciones contributivas y los distintos subsidios para desempleados, abordando cuant\u00edas, requisitos, tramitaci\u00f3n, etc.\" \/>\n<meta property=\"og:url\" content=\"https:\/\/www.avafin.es\/ca\/bloc\/ajudes-per-a-aturats-2\" \/>\n<meta property=\"og:site_name\" content=\"AvaFin Espa\u00f1a\" \/>\n<meta property=\"article:author\" content=\"https:\/\/www.facebook.com\/profile.php?id=61569520036083&amp;locale=es_ES\" \/>\n<meta property=\"article:published_time\" content=\"2025-07-10T14:00:55+00:00\" \/>\n<meta property=\"article:modified_time\" content=\"2025-12-01T12:01:52+00:00\" \/>\n<meta property=\"og:image\" content=\"https:\/\/www.avafin.es\/wp-content\/uploads\/2025\/07\/ayudas-para-desempleados-scaled.jpg\" \/>\n\t<meta property=\"og:image:width\" content=\"2560\" \/>\n\t<meta property=\"og:image:height\" content=\"1707\" \/>\n\t<meta property=\"og:image:type\" content=\"image\/jpeg\" \/>\n<meta name=\"author\" content=\"Alejandra Rangel\" \/>\n<meta name=\"twitter:card\" content=\"summary_large_image\" \/>\n<meta name=\"twitter:creator\" content=\"@https:\/\/x.com\/AvafinEs\" \/>\n<meta name=\"twitter:label1\" content=\"Written by\" \/>\n\t<meta name=\"twitter:data1\" content=\"Alejandra Rangel\" \/>\n\t<meta name=\"twitter:label2\" content=\"Est. reading time\" \/>\n\t<meta name=\"twitter:data2\" content=\"26 minuts\" \/>\n<script type=\"application\/ld+json\" class=\"yoast-schema-graph\">{\"@context\":\"https:\/\/schema.org\",\"@graph\":[{\"@type\":[\"WebPage\",\"FAQPage\"],\"@id\":\"https:\/\/www.avafin.es\/ca\/bloc\/ajudes-per-a-aturats-2\",\"url\":\"https:\/\/www.avafin.es\/ca\/bloc\/ajudes-per-a-aturats-2\",\"name\":\"Ayudas para desempleados: todas las que hay en 2025 | AvaFin Espa\u00f1a\",\"isPartOf\":{\"@id\":\"https:\/\/www.avafin.es\/ca\/#website\"},\"primaryImageOfPage\":{\"@id\":\"https:\/\/www.avafin.es\/ca\/bloc\/ajudes-per-a-aturats-2#primaryimage\"},\"image\":{\"@id\":\"https:\/\/www.avafin.es\/ca\/bloc\/ajudes-per-a-aturats-2#primaryimage\"},\"thumbnailUrl\":\"https:\/\/www.avafin.es\/wp-content\/uploads\/2025\/07\/ayudas-para-desempleados-scaled.jpg\",\"datePublished\":\"2025-07-10T14:00:55+00:00\",\"dateModified\":\"2025-12-01T12:01:52+00:00\",\"author\":{\"@id\":\"https:\/\/www.avafin.es\/ca\/#\/schema\/person\/2955e74f3626e82f06ef36d98ecdc878\"},\"description\":\"Informamos sobre prestaciones contributivas y los distintos subsidios para desempleados, abordando cuant\u00edas, requisitos, tramitaci\u00f3n, etc.\",\"breadcrumb\":{\"@id\":\"https:\/\/www.avafin.es\/ca\/bloc\/ajudes-per-a-aturats-2#breadcrumb\"},\"mainEntity\":[{\"@id\":\"https:\/\/www.avafin.es\/ca\/bloc\/ajudes-per-a-aturats-2#faq-question-1752155404131\"},{\"@id\":\"https:\/\/www.avafin.es\/ca\/bloc\/ajudes-per-a-aturats-2#faq-question-1752155414479\"},{\"@id\":\"https:\/\/www.avafin.es\/ca\/bloc\/ajudes-per-a-aturats-2#faq-question-1752155437057\"},{\"@id\":\"https:\/\/www.avafin.es\/ca\/bloc\/ajudes-per-a-aturats-2#faq-question-1752155447691\"},{\"@id\":\"https:\/\/www.avafin.es\/ca\/bloc\/ajudes-per-a-aturats-2#faq-question-1752155459467\"},{\"@id\":\"https:\/\/www.avafin.es\/ca\/bloc\/ajudes-per-a-aturats-2#faq-question-1752155475659\"}],\"inLanguage\":\"ca\",\"potentialAction\":[{\"@type\":\"ReadAction\",\"target\":[\"https:\/\/www.avafin.es\/ca\/bloc\/ajudes-per-a-aturats-2\"]}]},{\"@type\":\"ImageObject\",\"inLanguage\":\"ca\",\"@id\":\"https:\/\/www.avafin.es\/ca\/bloc\/ajudes-per-a-aturats-2#primaryimage\",\"url\":\"https:\/\/www.avafin.es\/wp-content\/uploads\/2025\/07\/ayudas-para-desempleados-scaled.jpg\",\"contentUrl\":\"https:\/\/www.avafin.es\/wp-content\/uploads\/2025\/07\/ayudas-para-desempleados-scaled.jpg\",\"width\":2560,\"height\":1707,\"caption\":\"Informamos sobre prestaciones contributivas y los distintos subsidios para desempleados, abordando cuant\u00edas, requisitos, tramitaci\u00f3n, etc.\"},{\"@type\":\"BreadcrumbList\",\"@id\":\"https:\/\/www.avafin.es\/ca\/bloc\/ajudes-per-a-aturats-2#breadcrumb\",\"itemListElement\":[{\"@type\":\"ListItem\",\"position\":1,\"name\":\"Inicio\",\"item\":\"https:\/\/www.avafin.es\/\"},{\"@type\":\"ListItem\",\"position\":2,\"name\":\"Educaci\u00f3n financiera\",\"item\":\"https:\/\/www.avafin.es\/blog\/educacion-financiera\"},{\"@type\":\"ListItem\",\"position\":3,\"name\":\"Ayudas para desempleados: todas las que hay en 2025\"}]},{\"@type\":\"WebSite\",\"@id\":\"https:\/\/www.avafin.es\/ca\/#website\",\"url\":\"https:\/\/www.avafin.es\/ca\/\",\"name\":\"AvaFin Espa\u00f1a\",\"description\":\"\",\"potentialAction\":[{\"@type\":\"SearchAction\",\"target\":{\"@type\":\"EntryPoint\",\"urlTemplate\":\"https:\/\/www.avafin.es\/ca\/?s={search_term_string}\"},\"query-input\":{\"@type\":\"PropertyValueSpecification\",\"valueRequired\":true,\"valueName\":\"search_term_string\"}}],\"inLanguage\":\"ca\"},{\"@type\":\"Person\",\"@id\":\"https:\/\/www.avafin.es\/ca\/#\/schema\/person\/2955e74f3626e82f06ef36d98ecdc878\",\"name\":\"Alejandra Rangel\",\"pronouns\":\"Ella\",\"image\":{\"@type\":\"ImageObject\",\"inLanguage\":\"ca\",\"@id\":\"https:\/\/www.avafin.es\/ca\/#\/schema\/person\/image\/\",\"url\":\"https:\/\/www.avafin.es\/wp-content\/uploads\/2026\/04\/cropped-cropped-Alejandra-Rangel-Avafin-2-96x96.png\",\"contentUrl\":\"https:\/\/www.avafin.es\/wp-content\/uploads\/2026\/04\/cropped-cropped-Alejandra-Rangel-Avafin-2-96x96.png\",\"caption\":\"Alejandra Rangel\"},\"description\":\"Experta en pr\u00e9stamos personales, financiaci\u00f3n online e investigaci\u00f3n de mercado. Con a\u00f1os de experiencia en la industria financiera, analiza las necesidades de los consumidores para desarrollar contenidos \u00fatiles, fiables y actualizados. En AvaFin, comparte informaci\u00f3n sobre cr\u00e9ditos online, salud financiera y tendencias del mercado, con el objetivo de ayudarte a tomar decisiones financieras mejor informadas.\",\"sameAs\":[\"http:\/\/www.avafin.es\",\"https:\/\/www.facebook.com\/profile.php?id=61569520036083&locale=es_ES\",\"https:\/\/www.instagram.com\/avafines\/\",\"https:\/\/x.com\/https:\/\/x.com\/AvafinEs\"],\"url\":\"https:\/\/www.avafin.es\/ca\/blog\/author\/alejandra\"},{\"@type\":\"Question\",\"@id\":\"https:\/\/www.avafin.es\/ca\/bloc\/ajudes-per-a-aturats-2#faq-question-1752155404131\",\"position\":1,\"url\":\"https:\/\/www.avafin.es\/ca\/bloc\/ajudes-per-a-aturats-2#faq-question-1752155404131\",\"name\":\"\u00bfQu\u00e9 ayuda puedo pedir si estoy sin trabajo?\",\"answerCount\":1,\"acceptedAnswer\":{\"@type\":\"Answer\",\"text\":\"Puedes solicitar la <strong>prestaci\u00f3n contributiva por desempleo<\/strong> si has cotizado al menos <strong>360 d\u00edas<\/strong>. Si no cumples ese requisito o ya has agotado el paro, existen <strong>cuatro tipos de subsidios disponibles en 2025<\/strong>:<br\/>-Subsidio por agotamiento de prestaci\u00f3n contributiva (incluye ayuda para parados de larga duraci\u00f3n de 30 a 55 a\u00f1os).<br\/>-Subsidio por insuficiencia de cotizaci\u00f3n.<br\/>-Subsidio para mayores de 52 a\u00f1os.<br\/>-Subsidio para v\u00edctimas de violencia de g\u00e9nero, sexual o intrafamiliar.\",\"inLanguage\":\"ca\"},\"inLanguage\":\"ca\"},{\"@type\":\"Question\",\"@id\":\"https:\/\/www.avafin.es\/ca\/bloc\/ajudes-per-a-aturats-2#faq-question-1752155414479\",\"position\":2,\"url\":\"https:\/\/www.avafin.es\/ca\/bloc\/ajudes-per-a-aturats-2#faq-question-1752155414479\",\"name\":\"\u00bfQui\u00e9n tiene derecho a cobrar la ayuda de 480\u20ac?\",\"answerCount\":1,\"acceptedAnswer\":{\"@type\":\"Answer\",\"text\":\"Los <strong>desempleados mayores de 52 a\u00f1os<\/strong> que cumplan los <a href=\\\"https:\/\/www.sepe.es\/HomeSepe\/es\/prestaciones-desempleo\/subsidio-desempleo\/tengo-mas-de-52.html\\\"><strong>requisitos<\/strong><\/a> del subsidio espec\u00edfico para ese grupo.\",\"inLanguage\":\"ca\"},\"inLanguage\":\"ca\"},{\"@type\":\"Question\",\"@id\":\"https:\/\/www.avafin.es\/ca\/bloc\/ajudes-per-a-aturats-2#faq-question-1752155437057\",\"position\":3,\"url\":\"https:\/\/www.avafin.es\/ca\/bloc\/ajudes-per-a-aturats-2#faq-question-1752155437057\",\"name\":\"\u00bfC\u00f3mo saber si te corresponde alguna ayuda del SEPE?\",\"answerCount\":1,\"acceptedAnswer\":{\"@type\":\"Answer\",\"text\":\"Si has agotado el paro y quieres conocer si puedes <strong>acceder a alg\u00fan subsidio por desempleo<\/strong>, te puedes orientar por el contenido de este post, y para saberlo a ciencia cierta habr\u00e1s de consultarlo en la <a href=\\\"https:\/\/www.sepe.es\/HomeSepe\/prestaciones-desempleo.html\\\"><strong>sede electr\u00f3nica del SEPE<\/strong><\/a>.\",\"inLanguage\":\"ca\"},\"inLanguage\":\"ca\"},{\"@type\":\"Question\",\"@id\":\"https:\/\/www.avafin.es\/ca\/bloc\/ajudes-per-a-aturats-2#faq-question-1752155447691\",\"position\":4,\"url\":\"https:\/\/www.avafin.es\/ca\/bloc\/ajudes-per-a-aturats-2#faq-question-1752155447691\",\"name\":\"\u00bfQui\u00e9n tiene derecho a la ayuda de 500 \u20ac del SEPE?\",\"answerCount\":1,\"acceptedAnswer\":{\"@type\":\"Answer\",\"text\":\"<strong>No existe<\/strong> una ayuda del SEPE de 500 euros como tal, muchos medios por redondear han denominado as\u00ed a la de <strong>480 euros<\/strong> que est\u00e1 disponible para <strong>mayores de 52 a\u00f1os<\/strong> que cumplan los <a href=\\\"https:\/\/www.sepe.es\/HomeSepe\/es\/prestaciones-desempleo\/subsidio-desempleo\/tengo-mas-de-52.html\\\"><strong>requisitos de acceso<\/strong><\/a>.\",\"inLanguage\":\"ca\"},\"inLanguage\":\"ca\"},{\"@type\":\"Question\",\"@id\":\"https:\/\/www.avafin.es\/ca\/bloc\/ajudes-per-a-aturats-2#faq-question-1752155459467\",\"position\":5,\"url\":\"https:\/\/www.avafin.es\/ca\/bloc\/ajudes-per-a-aturats-2#faq-question-1752155459467\",\"name\":\"\u00bfQui\u00e9n tiene derecho a cobrar la ayuda de 420\u20ac?\",\"answerCount\":1,\"acceptedAnswer\":{\"@type\":\"Answer\",\"text\":\"La ayuda de<strong> 420 euros <\/strong>se aprob\u00f3 durante la anterior crisis econ\u00f3mica de <strong>2008 <\/strong>para <strong>parados que hubiesen agotado su prestaci\u00f3n<\/strong>. Actualmente hay un subsidio vigente por agotamiento de prestaci\u00f3n cuyo importe es de <strong>570 euros<\/strong>, que pasa a 540 transcurridos 6 meses y a<strong> 480 cumplido un a\u00f1o<\/strong>.\",\"inLanguage\":\"ca\"},\"inLanguage\":\"ca\"},{\"@type\":\"Question\",\"@id\":\"https:\/\/www.avafin.es\/ca\/bloc\/ajudes-per-a-aturats-2#faq-question-1752155475659\",\"position\":6,\"url\":\"https:\/\/www.avafin.es\/ca\/bloc\/ajudes-per-a-aturats-2#faq-question-1752155475659\",\"name\":\"\u00bfQui\u00e9n tiene derecho a la ayuda de 1.000\u20ac?\",\"answerCount\":1,\"acceptedAnswer\":{\"@type\":\"Answer\",\"text\":\"La ayuda de 1.000 euros <strong>no es una prestaci\u00f3n ni un subsidio por desempleo<\/strong>, sino una ayuda que otorga la seguridad social a familias numerosas, monoparentales o con alguno de los padres con discapacidad igual o superior al 65%.\",\"inLanguage\":\"ca\"},\"inLanguage\":\"ca\"}]}<\/script>\n<!-- \/ Yoast SEO plugin. -->","yoast_head_json":{"title":"Ajuts per a aturats: tots els que hi ha el 2025 | AvaFin Espanya","description":"Informem sobre prestacions contributives i els diferents subsidis per a aturats, abordant quanties, requisits, tramitaci\u00f3, etc.","robots":{"index":"index","follow":"follow","max-snippet":"max-snippet:-1","max-image-preview":"max-image-preview:large","max-video-preview":"max-video-preview:-1"},"canonical":"https:\/\/www.avafin.es\/ca\/bloc\/ajudes-per-a-aturats-2","og_locale":"ca_ES","og_type":"article","og_title":"Ayudas para desempleados: todas las que hay en 2025 | AvaFin Espa\u00f1a","og_description":"Informamos sobre prestaciones contributivas y los distintos subsidios para desempleados, abordando cuant\u00edas, requisitos, tramitaci\u00f3n, etc.","og_url":"https:\/\/www.avafin.es\/ca\/bloc\/ajudes-per-a-aturats-2","og_site_name":"AvaFin Espa\u00f1a","article_author":"https:\/\/www.facebook.com\/profile.php?id=61569520036083&locale=es_ES","article_published_time":"2025-07-10T14:00:55+00:00","article_modified_time":"2025-12-01T12:01:52+00:00","og_image":[{"width":2560,"height":1707,"url":"https:\/\/www.avafin.es\/wp-content\/uploads\/2025\/07\/ayudas-para-desempleados-scaled.jpg","type":"image\/jpeg"}],"author":"Alejandra Rangel","twitter_card":"summary_large_image","twitter_creator":"@https:\/\/x.com\/AvafinEs","twitter_misc":{"Written by":"Alejandra Rangel","Est. reading time":"26 minuts"},"schema":{"@context":"https:\/\/schema.org","@graph":[{"@type":["WebPage","FAQPage"],"@id":"https:\/\/www.avafin.es\/ca\/bloc\/ajudes-per-a-aturats-2","url":"https:\/\/www.avafin.es\/ca\/bloc\/ajudes-per-a-aturats-2","name":"Ajuts per a aturats: tots els que hi ha el 2025 | AvaFin Espanya","isPartOf":{"@id":"https:\/\/www.avafin.es\/ca\/#website"},"primaryImageOfPage":{"@id":"https:\/\/www.avafin.es\/ca\/bloc\/ajudes-per-a-aturats-2#primaryimage"},"image":{"@id":"https:\/\/www.avafin.es\/ca\/bloc\/ajudes-per-a-aturats-2#primaryimage"},"thumbnailUrl":"https:\/\/www.avafin.es\/wp-content\/uploads\/2025\/07\/ayudas-para-desempleados-scaled.jpg","datePublished":"2025-07-10T14:00:55+00:00","dateModified":"2025-12-01T12:01:52+00:00","author":{"@id":"https:\/\/www.avafin.es\/ca\/#\/schema\/person\/2955e74f3626e82f06ef36d98ecdc878"},"description":"Informem sobre prestacions contributives i els diferents subsidis per a aturats, abordant quanties, requisits, tramitaci\u00f3, etc.","breadcrumb":{"@id":"https:\/\/www.avafin.es\/ca\/bloc\/ajudes-per-a-aturats-2#breadcrumb"},"mainEntity":[{"@id":"https:\/\/www.avafin.es\/ca\/bloc\/ajudes-per-a-aturats-2#faq-question-1752155404131"},{"@id":"https:\/\/www.avafin.es\/ca\/bloc\/ajudes-per-a-aturats-2#faq-question-1752155414479"},{"@id":"https:\/\/www.avafin.es\/ca\/bloc\/ajudes-per-a-aturats-2#faq-question-1752155437057"},{"@id":"https:\/\/www.avafin.es\/ca\/bloc\/ajudes-per-a-aturats-2#faq-question-1752155447691"},{"@id":"https:\/\/www.avafin.es\/ca\/bloc\/ajudes-per-a-aturats-2#faq-question-1752155459467"},{"@id":"https:\/\/www.avafin.es\/ca\/bloc\/ajudes-per-a-aturats-2#faq-question-1752155475659"}],"inLanguage":"ca","potentialAction":[{"@type":"ReadAction","target":["https:\/\/www.avafin.es\/ca\/bloc\/ajudes-per-a-aturats-2"]}]},{"@type":"ImageObject","inLanguage":"ca","@id":"https:\/\/www.avafin.es\/ca\/bloc\/ajudes-per-a-aturats-2#primaryimage","url":"https:\/\/www.avafin.es\/wp-content\/uploads\/2025\/07\/ayudas-para-desempleados-scaled.jpg","contentUrl":"https:\/\/www.avafin.es\/wp-content\/uploads\/2025\/07\/ayudas-para-desempleados-scaled.jpg","width":2560,"height":1707,"caption":"Informamos sobre prestaciones contributivas y los distintos subsidios para desempleados, abordando cuant\u00edas, requisitos, tramitaci\u00f3n, etc."},{"@type":"BreadcrumbList","@id":"https:\/\/www.avafin.es\/ca\/bloc\/ajudes-per-a-aturats-2#breadcrumb","itemListElement":[{"@type":"ListItem","position":1,"name":"Inicio","item":"https:\/\/www.avafin.es\/"},{"@type":"ListItem","position":2,"name":"Educaci\u00f3n financiera","item":"https:\/\/www.avafin.es\/blog\/educacion-financiera"},{"@type":"ListItem","position":3,"name":"Ayudas para desempleados: todas las que hay en 2025"}]},{"@type":"WebSite","@id":"https:\/\/www.avafin.es\/ca\/#website","url":"https:\/\/www.avafin.es\/ca\/","name":"AvaFin Espanya","description":"","potentialAction":[{"@type":"SearchAction","target":{"@type":"EntryPoint","urlTemplate":"https:\/\/www.avafin.es\/ca\/?s={search_term_string}"},"query-input":{"@type":"PropertyValueSpecification","valueRequired":true,"valueName":"search_term_string"}}],"inLanguage":"ca"},{"@type":"Person","@id":"https:\/\/www.avafin.es\/ca\/#\/schema\/person\/2955e74f3626e82f06ef36d98ecdc878","name":"Alejandra Rangel","pronouns":"Ella","image":{"@type":"ImageObject","inLanguage":"ca","@id":"https:\/\/www.avafin.es\/ca\/#\/schema\/person\/image\/","url":"https:\/\/www.avafin.es\/wp-content\/uploads\/2026\/04\/cropped-cropped-Alejandra-Rangel-Avafin-2-96x96.png","contentUrl":"https:\/\/www.avafin.es\/wp-content\/uploads\/2026\/04\/cropped-cropped-Alejandra-Rangel-Avafin-2-96x96.png","caption":"Alejandra Rangel"},"description":"Experta en pr\u00e9stamos personales, financiaci\u00f3n online e investigaci\u00f3n de mercado. Con a\u00f1os de experiencia en la industria financiera, analiza las necesidades de los consumidores para desarrollar contenidos \u00fatiles, fiables y actualizados. En AvaFin, comparte informaci\u00f3n sobre cr\u00e9ditos online, salud financiera y tendencias del mercado, con el objetivo de ayudarte a tomar decisiones financieras mejor informadas.","sameAs":["http:\/\/www.avafin.es","https:\/\/www.facebook.com\/profile.php?id=61569520036083&locale=es_ES","https:\/\/www.instagram.com\/avafines\/","https:\/\/x.com\/https:\/\/x.com\/AvafinEs"],"url":"https:\/\/www.avafin.es\/ca\/blog\/author\/alejandra"},{"@type":"Question","@id":"https:\/\/www.avafin.es\/ca\/bloc\/ajudes-per-a-aturats-2#faq-question-1752155404131","position":1,"url":"https:\/\/www.avafin.es\/ca\/bloc\/ajudes-per-a-aturats-2#faq-question-1752155404131","name":"Quina ajuda puc demanar si estic sense feina?","answerCount":1,"acceptedAnswer":{"@type":"Answer","text":"Puedes solicitar la <strong>prestaci\u00f3n contributiva por desempleo<\/strong> si has cotizado al menos <strong>360 d\u00edas<\/strong>. Si no cumples ese requisito o ya has agotado el paro, existen <strong>cuatro tipos de subsidios disponibles en 2025<\/strong>:<br\/>-Subsidio por agotamiento de prestaci\u00f3n contributiva (incluye ayuda para parados de larga duraci\u00f3n de 30 a 55 a\u00f1os).<br\/>-Subsidio por insuficiencia de cotizaci\u00f3n.<br\/>-Subsidio para mayores de 52 a\u00f1os.<br\/>-Subsidio para v\u00edctimas de violencia de g\u00e9nero, sexual o intrafamiliar.","inLanguage":"ca"},"inLanguage":"ca"},{"@type":"Question","@id":"https:\/\/www.avafin.es\/ca\/bloc\/ajudes-per-a-aturats-2#faq-question-1752155414479","position":2,"url":"https:\/\/www.avafin.es\/ca\/bloc\/ajudes-per-a-aturats-2#faq-question-1752155414479","name":"Qui t\u00e9 dret a cobrar lajuda de 480\u20ac?","answerCount":1,"acceptedAnswer":{"@type":"Answer","text":"Los <strong>desempleados mayores de 52 a\u00f1os<\/strong> que cumplan los <a href=\"https:\/\/www.sepe.es\/HomeSepe\/es\/prestaciones-desempleo\/subsidio-desempleo\/tengo-mas-de-52.html\"><strong>requisitos<\/strong><\/a> del subsidio espec\u00edfico para ese grupo.","inLanguage":"ca"},"inLanguage":"ca"},{"@type":"Question","@id":"https:\/\/www.avafin.es\/ca\/bloc\/ajudes-per-a-aturats-2#faq-question-1752155437057","position":3,"url":"https:\/\/www.avafin.es\/ca\/bloc\/ajudes-per-a-aturats-2#faq-question-1752155437057","name":"Com saber si et correspon alguna ajuda del SEPE?","answerCount":1,"acceptedAnswer":{"@type":"Answer","text":"Si has agotado el paro y quieres conocer si puedes <strong>acceder a alg\u00fan subsidio por desempleo<\/strong>, te puedes orientar por el contenido de este post, y para saberlo a ciencia cierta habr\u00e1s de consultarlo en la <a href=\"https:\/\/www.sepe.es\/HomeSepe\/prestaciones-desempleo.html\"><strong>sede electr\u00f3nica del SEPE<\/strong><\/a>.","inLanguage":"ca"},"inLanguage":"ca"},{"@type":"Question","@id":"https:\/\/www.avafin.es\/ca\/bloc\/ajudes-per-a-aturats-2#faq-question-1752155447691","position":4,"url":"https:\/\/www.avafin.es\/ca\/bloc\/ajudes-per-a-aturats-2#faq-question-1752155447691","name":"Qui t\u00e9 dret a l&#039;ajuda de 500\u20ac del SEPE?","answerCount":1,"acceptedAnswer":{"@type":"Answer","text":"<strong>No existe<\/strong> una ayuda del SEPE de 500 euros como tal, muchos medios por redondear han denominado as\u00ed a la de <strong>480 euros<\/strong> que est\u00e1 disponible para <strong>mayores de 52 a\u00f1os<\/strong> que cumplan los <a href=\"https:\/\/www.sepe.es\/HomeSepe\/es\/prestaciones-desempleo\/subsidio-desempleo\/tengo-mas-de-52.html\"><strong>requisitos de acceso<\/strong><\/a>.","inLanguage":"ca"},"inLanguage":"ca"},{"@type":"Question","@id":"https:\/\/www.avafin.es\/ca\/bloc\/ajudes-per-a-aturats-2#faq-question-1752155459467","position":5,"url":"https:\/\/www.avafin.es\/ca\/bloc\/ajudes-per-a-aturats-2#faq-question-1752155459467","name":"Qui t\u00e9 dret a cobrar lajuda de 420\u20ac?","answerCount":1,"acceptedAnswer":{"@type":"Answer","text":"La ayuda de<strong> 420 euros <\/strong>se aprob\u00f3 durante la anterior crisis econ\u00f3mica de <strong>2008 <\/strong>para <strong>parados que hubiesen agotado su prestaci\u00f3n<\/strong>. Actualmente hay un subsidio vigente por agotamiento de prestaci\u00f3n cuyo importe es de <strong>570 euros<\/strong>, que pasa a 540 transcurridos 6 meses y a<strong> 480 cumplido un a\u00f1o<\/strong>.","inLanguage":"ca"},"inLanguage":"ca"},{"@type":"Question","@id":"https:\/\/www.avafin.es\/ca\/bloc\/ajudes-per-a-aturats-2#faq-question-1752155475659","position":6,"url":"https:\/\/www.avafin.es\/ca\/bloc\/ajudes-per-a-aturats-2#faq-question-1752155475659","name":"Qui t\u00e9 dret a lajuda de 1.000\u20ac?","answerCount":1,"acceptedAnswer":{"@type":"Answer","text":"La ayuda de 1.000 euros <strong>no es una prestaci\u00f3n ni un subsidio por desempleo<\/strong>, sino una ayuda que otorga la seguridad social a familias numerosas, monoparentales o con alguno de los padres con discapacidad igual o superior al 65%.","inLanguage":"ca"},"inLanguage":"ca"}]}},"jetpack_publicize_connections":[],"featured_media_link":"https:\/\/www.avafin.es\/wp-content\/uploads\/2025\/07\/ayudas-para-desempleados-768x512.jpg","category":{"color":"#010440","link":"https:\/\/www.avafin.es\/ca\/bloc\/ajudes","text":"Ayudas"},"_links":{"self":[{"href":"https:\/\/www.avafin.es\/ca\/wp-json\/wp\/v2\/posts\/6227","targetHints":{"allow":["GET"]}}],"collection":[{"href":"https:\/\/www.avafin.es\/ca\/wp-json\/wp\/v2\/posts"}],"about":[{"href":"https:\/\/www.avafin.es\/ca\/wp-json\/wp\/v2\/types\/post"}],"author":[{"embeddable":true,"href":"https:\/\/www.avafin.es\/ca\/wp-json\/wp\/v2\/users\/32"}],"replies":[{"embeddable":true,"href":"https:\/\/www.avafin.es\/ca\/wp-json\/wp\/v2\/comments?post=6227"}],"version-history":[{"count":0,"href":"https:\/\/www.avafin.es\/ca\/wp-json\/wp\/v2\/posts\/6227\/revisions"}],"wp:featuredmedia":[{"embeddable":true,"href":"https:\/\/www.avafin.es\/ca\/wp-json\/wp\/v2\/media\/6228"}],"wp:attachment":[{"href":"https:\/\/www.avafin.es\/ca\/wp-json\/wp\/v2\/media?parent=6227"}],"wp:term":[{"taxonomy":"category","embeddable":true,"href":"https:\/\/www.avafin.es\/ca\/wp-json\/wp\/v2\/categories?post=6227"},{"taxonomy":"post_tag","embeddable":true,"href":"https:\/\/www.avafin.es\/ca\/wp-json\/wp\/v2\/tags?post=6227"}],"curies":[{"name":"wp","href":"https:\/\/api.w.org\/{rel}","templated":true}]}}